{"id":42497,"date":"2020-06-29T16:17:49","modified":"2024-04-17T16:32:58","slug":"tele-erweitert-photovoltaik-anlage","status":"publish","type":"post","link":"https:\/\/www.tele-online.com\/fr\/news\/tele-erweitert-photovoltaik-anlage\/","title":{"rendered":"TELE erweitert Photovoltaik-Anlage"},"content":{"rendered":"        <div\n            id=\"block_a8ae0759ad69e12ea4d786c9ab551773\"\n            class=\"acf-block is-edit is-category-text\"\n            data-highlight=\"http:\/\/dev3.p8.eu\/wp\/tele-online\/news\/tele-expands-photovoltaic-system\/#highlightblock=block_a8ae0759ad69e12ea4d786c9ab551773\"\n            data-block=\"textblock\"\n        >\n                            <h2 class=\"acf-block-title\">\n                    <svg  xmlns=\"http:\/\/www.w3.org\/2000\/svg\"  width=\"24\"  height=\"24\"  viewBox=\"0 0 24 24\"  fill=\"none\"  stroke=\"currentColor\"  stroke-width=\"2\"  stroke-linecap=\"round\"  stroke-linejoin=\"round\"  class=\"icon icon-tabler icons-tabler-outline icon-tabler-align-left\"><path stroke=\"none\" d=\"M0 0h24v24H0z\" fill=\"none\"\/><path d=\"M4 6l16 0\" \/><path d=\"M4 12l10 0\" \/><path d=\"M4 18l14 0\" \/><\/svg>                    <span class=\"name\">Textblock <\/span>\n                <\/h2>\n\n                                    <\/div>\n            <div\n            id=\"block_27f2f4a92db8bd41fde7e34c9a57ebd4\"\n            class=\"acf-block is-edit is-category-text\"\n            data-highlight=\"http:\/\/dev3.p8.eu\/wp\/tele-online\/news\/tele-expands-photovoltaic-system\/#highlightblock=block_27f2f4a92db8bd41fde7e34c9a57ebd4\"\n            data-block=\"bildtextundlink\"\n        >\n                            <h2 class=\"acf-block-title\">\n                    <svg  xmlns=\"http:\/\/www.w3.org\/2000\/svg\"  width=\"24\"  height=\"24\"  viewBox=\"0 0 24 24\"  fill=\"none\"  stroke=\"currentColor\"  stroke-width=\"2\"  stroke-linecap=\"round\"  stroke-linejoin=\"round\"  class=\"icon icon-tabler icons-tabler-outline icon-tabler-align-left\"><path stroke=\"none\" d=\"M0 0h24v24H0z\" fill=\"none\"\/><path d=\"M4 6l16 0\" \/><path d=\"M4 12l10 0\" \/><path d=\"M4 18l14 0\" \/><\/svg>                    <span class=\"name\">Bild Text und Link <\/span>\n                <\/h2>\n\n                                    <\/div>\n            <div\n            id=\"block_ae0ffba33cb5acffdc72e96053ede3e8\"\n            class=\"acf-block is-edit is-category-text\"\n            data-highlight=\"http:\/\/dev3.p8.eu\/wp\/tele-online\/news\/tele-expands-photovoltaic-system\/#highlightblock=block_ae0ffba33cb5acffdc72e96053ede3e8\"\n            data-block=\"bildtextundlink\"\n        >\n                            <h2 class=\"acf-block-title\">\n                    <svg  xmlns=\"http:\/\/www.w3.org\/2000\/svg\"  width=\"24\"  height=\"24\"  viewBox=\"0 0 24 24\"  fill=\"none\"  stroke=\"currentColor\"  stroke-width=\"2\"  stroke-linecap=\"round\"  stroke-linejoin=\"round\"  class=\"icon icon-tabler icons-tabler-outline icon-tabler-align-left\"><path stroke=\"none\" d=\"M0 0h24v24H0z\" fill=\"none\"\/><path d=\"M4 6l16 0\" \/><path d=\"M4 12l10 0\" \/><path d=\"M4 18l14 0\" \/><\/svg>                    <span class=\"name\">Bild Text und Link <\/span>\n                <\/h2>\n\n                                    <\/div>\n            <div\n            id=\"block_030b5d2f8f8cc7c531bc05fef26b3b5a\"\n            class=\"acf-block is-edit is-category-text\"\n            data-highlight=\"http:\/\/dev3.p8.eu\/wp\/tele-online\/news\/tele-expands-photovoltaic-system\/#highlightblock=block_030b5d2f8f8cc7c531bc05fef26b3b5a\"\n            data-block=\"bildtextundlink\"\n        >\n                            <h2 class=\"acf-block-title\">\n                    <svg  xmlns=\"http:\/\/www.w3.org\/2000\/svg\"  width=\"24\"  height=\"24\"  viewBox=\"0 0 24 24\"  fill=\"none\"  stroke=\"currentColor\"  stroke-width=\"2\"  stroke-linecap=\"round\"  stroke-linejoin=\"round\"  class=\"icon icon-tabler icons-tabler-outline icon-tabler-align-left\"><path stroke=\"none\" d=\"M0 0h24v24H0z\" fill=\"none\"\/><path d=\"M4 6l16 0\" \/><path d=\"M4 12l10 0\" \/><path d=\"M4 18l14 0\" \/><\/svg>                    <span class=\"name\">Bild Text und Link <\/span>\n                <\/h2>\n\n                                    <\/div>\n    ","protected":false},"excerpt":{"rendered":"","protected":false},"author":48,"featured_media":755,"sticky":false,"template":"","format":"standard","categories":[6,9,1892],"tags":[],"acf":{"produkt_zustandsanzeigen":false,"seo":[{"googleAuthor":"","googlePublisher":"","schemaName":"","schemaDescription":"","schemaImage":false}],"webblocks":[{"acf_fc_layout":"textblock","acf_fc_id":"acf-block-69a1eb133dcb5","acf_fc_style":"","flexible":false,"text":"<h2 class=\"en_heading en_heading--h3 en_mdl_text__heading en_space_b_md\">Solarenergie f\u00fcr ein Drittel der Geb\u00e4udeenergie<\/h2>\n<p>TELE Haase erzeugt schon seit 2011 mit der hauseigenen Photovoltaik-Anlage Energie f\u00fcr den Betrieb des Unternehmens. Zu diesem Zeitpunkt installierte das Unternehmen die damals gr\u00f6\u00dfte Photovoltaik-Anlage Wiens auf dem Dach des Firmengeb\u00e4udes. Rund 90.000 kWh pro Jahr liefern die \u00fcber 300 Solarmodule der 72 kWp-Anlage mit mehr als 500 Quadratmetern Modulfl\u00e4che. Nun verdoppelt TELE seine Photovoltaik-Kapazit\u00e4ten und erweitert die Anlage um insgesamt 62,4 kWp mit Modulen an den Fassadenfl\u00e4chen des Firmengeb\u00e4udes. Gleichzeitig wird eine neue Klimaanlage f\u00fcr die Elektronikproduktion installiert, die k\u00fcnftig vollst\u00e4ndig mit dem Sonnenstrom versorgt werden soll. Insgesamt wird der Anteil von Solarenergie f\u00fcr das gesamte Geb\u00e4ude von 23 % auf 30 % gesteigert.<\/p>\n","id":"","linie_oben_einblenden":false,"linie_unten_einblenden":false,"container":"normal","hintergrund":"weis","box":false,"abstand_oben":"","abstand_unten":""},{"acf_fc_layout":"bildtextundlink","acf_fc_id":"acf-block-69a1eb133f1fc","acf_fc_style":"","flexible":false,"layout":"rechts","headline":"Anlage aus heimischer Produktion","link":"","text":"<p>TELE plant und realisiert die neue PV-Anlage, die voraussichtlich im Juli 2020 in Betrieb gehen wird, gemeinsam mit den \u00f6sterreichischen Solar-Spezialist:innen 3FSolar, die nicht zuletzt f\u00fcr ihre Hybrid-Kollektoren bekannt ist. Die Anlage wird so weit als m\u00f6glich mit Produkten heimischer Unternehmen realisiert. So setzt 3FSolar konventionelle Solarmodule des \u00f6sterreichischen Herstellers Kioto und Wechselrichter von Fronius ein. Die Klimaanlage wird von der Firma Hille Geb\u00e4udetechnik aus Wien installiert. Dar\u00fcber hinaus arbeiten die Solar-Spezialist:innen eng mit den Errichter:innen des Geb\u00e4udes, dem Hallenbauer Peneder aus Ober\u00f6sterreich der daf\u00fcr sorgt, dass die Module senkrecht an der Hausfassade angebracht und entsprechend stabil verankert werden. Von insgesamt 1.650 m2 Geb\u00e4udefassade werden auf diese Weise k\u00fcnftig 326 m2 f\u00fcr die Erzeugung von Solarenergie genutzt.<\/p>\n","show_map":false,"bild":{"ID":768123,"id":768123,"title":"TELE PV neu Suedseite","filename":"TELE-PV-neu-Suedseite.png","filesize":575014,"url":"https:\/\/www.tele-online.com\/wp-content\/uploads\/2020\/06\/TELE-PV-neu-Suedseite.png","link":"https:\/\/www.tele-online.com\/fr\/tele-pv-neu-suedseite\/","alt":"","author":"48","description":"TELE PV neu Suedseite","caption":"","name":"tele-pv-neu-suedseite","status":"inherit","uploaded_to":0,"date":"2020-06-29 14:13:47","modified":"2020-06-29 14:13:47","menu_order":0,"mime_type":"image\/png","type":"image","subtype":"png","icon":"https:\/\/www.tele-online.com\/wp-includes\/images\/media\/default.png","width":1600,"height":1068,"sizes":{"thumbnail":"https:\/\/www.tele-online.com\/wp-content\/uploads\/2020\/06\/TELE-PV-neu-Suedseite-220x220.png","thumbnail-width":220,"thumbnail-height":220,"medium":"https:\/\/www.tele-online.com\/wp-content\/uploads\/2020\/06\/TELE-PV-neu-Suedseite-544x360.png","medium-width":544,"medium-height":360,"medium_large":"https:\/\/www.tele-online.com\/wp-content\/uploads\/2020\/06\/TELE-PV-neu-Suedseite-768x513.png","medium_large-width":768,"medium_large-height":513,"large":"https:\/\/www.tele-online.com\/wp-content\/uploads\/2020\/06\/TELE-PV-neu-Suedseite-780x520.png","large-width":780,"large-height":520,"1536x1536":"https:\/\/www.tele-online.com\/wp-content\/uploads\/2020\/06\/TELE-PV-neu-Suedseite-1536x1025.png","1536x1536-width":1536,"1536x1536-height":1025,"2048x2048":"https:\/\/www.tele-online.com\/wp-content\/uploads\/2020\/06\/TELE-PV-neu-Suedseite.png","2048x2048-width":1600,"2048x2048-height":1068,"hd":"https:\/\/www.tele-online.com\/wp-content\/uploads\/2020\/06\/TELE-PV-neu-Suedseite.png","hd-width":1600,"hd-height":1068,"galerie":"https:\/\/www.tele-online.com\/wp-content\/uploads\/2020\/06\/TELE-PV-neu-Suedseite-320x214.png","galerie-width":320,"galerie-height":214,"stellen":"https:\/\/www.tele-online.com\/wp-content\/uploads\/2020\/06\/TELE-PV-neu-Suedseite-400x400.png","stellen-width":400,"stellen-height":400}},"map":false,"name":"","adresse":"","hintergrund":"grau","no_image_margin":false,"abstand_oben":"","abstand_unten":""},{"acf_fc_layout":"bildtextundlink","acf_fc_id":"acf-block-69a1eb134087e","acf_fc_style":"","flexible":false,"layout":"links","headline":"PV-Anlage angepasst an Verbrauch","link":"","text":"<p>Bei der Planung der Anlage stellt 3FSolar sicher, dass die Leistung der 192 neuen Solarmodule so exakt wie m\u00f6glich an das Verbrauchsprofil der Klimaanlage angepasst wird, f\u00fcr die sie k\u00fcnftig Solarenergie liefern. Da am Vormittag die meiste Energie f\u00fcr die Klimaanlage gebraucht wird, weil zu dieser Zeit die Elektronikfertigung voll arbeitet wird, ist die Kollektorfl\u00e4che an der Ost-Seite mit etwa 2\/3 der Gesamtfl\u00e4che, gr\u00f6\u00dfer als die Fl\u00e4che der S\u00fcdseite (etwa 1\/5) und der Westseite (etwa 1\/7). Auf diese Weise lassen sich Produktionsprofile und Verbrauchsprofile in Einklang bringen und es gibt m\u00f6glichst wenig \u00dcberproduktion.<\/p>\n","show_map":false,"bild":{"ID":768124,"id":768124,"title":"TELE-Photovoltaik-Westansicht_von Norden","filename":"TELE-Photovoltaik-Westansicht_von-Norden.png","filesize":629211,"url":"https:\/\/www.tele-online.com\/wp-content\/uploads\/2020\/06\/TELE-Photovoltaik-Westansicht_von-Norden.png","link":"https:\/\/www.tele-online.com\/fr\/tele-photovoltaik-westansicht_von-norden\/","alt":"","author":"48","description":"TELE-Photovoltaik-Westansicht_von Norden","caption":"","name":"tele-photovoltaik-westansicht_von-norden","status":"inherit","uploaded_to":0,"date":"2020-06-29 14:14:44","modified":"2020-06-29 14:14:44","menu_order":0,"mime_type":"image\/png","type":"image","subtype":"png","icon":"https:\/\/www.tele-online.com\/wp-includes\/images\/media\/default.png","width":1493,"height":1035,"sizes":{"thumbnail":"https:\/\/www.tele-online.com\/wp-content\/uploads\/2020\/06\/TELE-Photovoltaik-Westansicht_von-Norden-220x220.png","thumbnail-width":220,"thumbnail-height":220,"medium":"https:\/\/www.tele-online.com\/wp-content\/uploads\/2020\/06\/TELE-Photovoltaik-Westansicht_von-Norden-544x360.png","medium-width":544,"medium-height":360,"medium_large":"https:\/\/www.tele-online.com\/wp-content\/uploads\/2020\/06\/TELE-Photovoltaik-Westansicht_von-Norden-768x532.png","medium_large-width":768,"medium_large-height":532,"large":"https:\/\/www.tele-online.com\/wp-content\/uploads\/2020\/06\/TELE-Photovoltaik-Westansicht_von-Norden-780x520.png","large-width":780,"large-height":520,"1536x1536":"https:\/\/www.tele-online.com\/wp-content\/uploads\/2020\/06\/TELE-Photovoltaik-Westansicht_von-Norden.png","1536x1536-width":1493,"1536x1536-height":1035,"2048x2048":"https:\/\/www.tele-online.com\/wp-content\/uploads\/2020\/06\/TELE-Photovoltaik-Westansicht_von-Norden.png","2048x2048-width":1493,"2048x2048-height":1035,"hd":"https:\/\/www.tele-online.com\/wp-content\/uploads\/2020\/06\/TELE-Photovoltaik-Westansicht_von-Norden.png","hd-width":1493,"hd-height":1035,"galerie":"https:\/\/www.tele-online.com\/wp-content\/uploads\/2020\/06\/TELE-Photovoltaik-Westansicht_von-Norden-320x222.png","galerie-width":320,"galerie-height":222,"stellen":"https:\/\/www.tele-online.com\/wp-content\/uploads\/2020\/06\/TELE-Photovoltaik-Westansicht_von-Norden-400x400.png","stellen-width":400,"stellen-height":400}},"map":false,"name":"","adresse":"","hintergrund":"weis","no_image_margin":false,"abstand_oben":"","abstand_unten":""},{"acf_fc_layout":"bildtextundlink","acf_fc_id":"acf-block-69a1eb1340f23","acf_fc_style":"","flexible":false,"layout":"rechts","headline":"Verbrauchsprofile optimieren mit TELE-SensAct","link":"","text":"<p>Damit Photovoltaik-Anlage und Klimaanlage k\u00fcnftig noch besser aufeinander abgestimmt werden k\u00f6nnen, ist geplant, den Energieverbrauch gro\u00dfer Verbraucher, wie der Klimaanlage, oder bestimmter Bereiche im Haus mit den kommunikationsf\u00e4higen TELE SensAct-Modulen zu messen und zu steuern. Auf diese Weise k\u00f6nnen Verbraucherprofile angelegt und optimiert werden, um Leistungsspitzen zu vermeiden. Hier ist beispielsweise denkbar, dass etwa der autonom arbeitende TELE-Roboter zu bestimmten Zeiten eingesetzt wird, wenn in anderen Bereichen weniger verbraucht wird.<br \/>Mit der Erweiterung der PV-Anlage macht TELE den n\u00e4chsten Schritt hin zu mehr Ressourcenschonung und Nachhaltigkeit \u2013 auf dem Weg zu einer besseren Welt.<\/p>\n","show_map":false,"bild":{"ID":767540,"id":767540,"title":"sens_act_sens","filename":"sens_act_sens.jpg","filesize":10498,"url":"https:\/\/www.tele-online.com\/wp-content\/uploads\/2019\/02\/sens_act_sens.jpg","link":"https:\/\/www.tele-online.com\/fr\/sens_act_sens-2\/","alt":"","author":"44","description":"","caption":"","name":"sens_act_sens-2","status":"inherit","uploaded_to":0,"date":"2019-02-12 15:40:59","modified":"2019-02-12 15:40:59","menu_order":0,"mime_type":"image\/jpeg","type":"image","subtype":"jpeg","icon":"https:\/\/www.tele-online.com\/wp-includes\/images\/media\/default.png","width":477,"height":302,"sizes":{"thumbnail":"https:\/\/www.tele-online.com\/wp-content\/uploads\/2019\/02\/sens_act_sens-220x220.jpg","thumbnail-width":220,"thumbnail-height":220,"medium":"https:\/\/www.tele-online.com\/wp-content\/uploads\/2019\/02\/sens_act_sens.jpg","medium-width":477,"medium-height":302,"medium_large":"https:\/\/www.tele-online.com\/wp-content\/uploads\/2019\/02\/sens_act_sens.jpg","medium_large-width":477,"medium_large-height":302,"large":"https:\/\/www.tele-online.com\/wp-content\/uploads\/2019\/02\/sens_act_sens.jpg","large-width":477,"large-height":302,"1536x1536":"https:\/\/www.tele-online.com\/wp-content\/uploads\/2019\/02\/sens_act_sens.jpg","1536x1536-width":477,"1536x1536-height":302,"2048x2048":"https:\/\/www.tele-online.com\/wp-content\/uploads\/2019\/02\/sens_act_sens.jpg","2048x2048-width":477,"2048x2048-height":302,"hd":"https:\/\/www.tele-online.com\/wp-content\/uploads\/2019\/02\/sens_act_sens.jpg","hd-width":477,"hd-height":302,"galerie":"https:\/\/www.tele-online.com\/wp-content\/uploads\/2019\/02\/sens_act_sens.jpg","galerie-width":320,"galerie-height":203,"stellen":"https:\/\/www.tele-online.com\/wp-content\/uploads\/2019\/02\/sens_act_sens.jpg","stellen-width":400,"stellen-height":253}},"map":false,"name":"","adresse":"","hintergrund":"weis","no_image_margin":false,"abstand_oben":"","abstand_unten":""}],"news_mitarbeiter_text":"Kann ich Ihnen helfen?","news_mitarbeiter_headline":"Z\u00f6gern Sie nicht, mich zu kontaktieren!","news_mitarbeiter":555,"news_standardlayout_hinzufugen":"ja","news_teaser":"Doppelte Kapazit\u00e4t f\u00fcr mehr saubere Energie und Optimierung auf Verbraucherprofile","news_image":{"ID":764309,"id":764309,"title":"solaranlage-3780","filename":"solaranlage-3780.jpg","filesize":570141,"url":"https:\/\/www.tele-online.com\/wp-content\/uploads\/2012\/12\/solaranlage-3780.jpg","link":"https:\/\/www.tele-online.com\/fr\/solaranlage-3780-4\/","alt":"","author":"44","description":"","caption":"","name":"solaranlage-3780-4","status":"inherit","uploaded_to":0,"date":"2012-12-10 16:05:29","modified":"2012-12-10 16:05:29","menu_order":0,"mime_type":"image\/jpeg","type":"image","subtype":"jpeg","icon":"https:\/\/www.tele-online.com\/wp-includes\/images\/media\/default.png","width":1560,"height":1170,"sizes":{"thumbnail":"https:\/\/www.tele-online.com\/wp-content\/uploads\/2012\/12\/solaranlage-3780-220x220.jpg","thumbnail-width":220,"thumbnail-height":220,"medium":"https:\/\/www.tele-online.com\/wp-content\/uploads\/2012\/12\/solaranlage-3780-544x360.jpg","medium-width":544,"medium-height":360,"medium_large":"https:\/\/www.tele-online.com\/wp-content\/uploads\/2012\/12\/solaranlage-3780-768x576.jpg","medium_large-width":768,"medium_large-height":576,"large":"https:\/\/www.tele-online.com\/wp-content\/uploads\/2012\/12\/solaranlage-3780-780x520.jpg","large-width":780,"large-height":520,"1536x1536":"https:\/\/www.tele-online.com\/wp-content\/uploads\/2012\/12\/solaranlage-3780.jpg","1536x1536-width":1536,"1536x1536-height":1152,"2048x2048":"https:\/\/www.tele-online.com\/wp-content\/uploads\/2012\/12\/solaranlage-3780.jpg","2048x2048-width":1560,"2048x2048-height":1170,"hd":"https:\/\/www.tele-online.com\/wp-content\/uploads\/2012\/12\/solaranlage-3780.jpg","hd-width":1560,"hd-height":1170,"galerie":"https:\/\/www.tele-online.com\/wp-content\/uploads\/2012\/12\/solaranlage-3780.jpg","galerie-width":320,"galerie-height":240,"stellen":"https:\/\/www.tele-online.com\/wp-content\/uploads\/2012\/12\/solaranlage-3780.jpg","stellen-width":400,"stellen-height":300}},"news_title":"TELE erweitert Photovoltaik-Anlage","type":"automatisch","footer_link_block":false,"news_max_hohe":"70vh","evt_bild":false,"evt_date":"","evt_time":"","evt_date_end":"","evt_time_end":"","evt_location":"","evt_teaser_text":"","evt_participants":"","evt_url":"","evt_background_img":false,"evt_description":"","footer":{"footer_headline_powerd_by":"Powered By TELE","footer_text_powered_by":"","footer_logos":null,"footer_mylayout_logos":"normal","footer_text_oben":"<p><strong>TELE Haase Steuerger\u00e4te Ges.m.b.H.<\/strong> | Vorarlberger Allee 38 (direct access via Slamastra\u00dfe 37), 1230 Vienna | Austria<\/p>\n<p><strong>Opening Hours<\/strong>: Monday-Thursday 08:00 a.m. to 04:00 p.m. &amp; Friday 08:00 a.m. to 01:00 p.m.<\/p>\n<p><strong><a href=\"https:\/\/www.tele-online.com\/en\/contact\/\">Contact Details<\/a><\/strong><\/p>\n","footer_headline_social_media":"","footer_social_media":[{"icon":"<i class=\"icon-facebook\"><\/i>","link":"https:\/\/www.facebook.com\/TELE-Haase-Steuerger%C3%A4te-GesmbH-212293998940265\/?rf=195551397135836"},{"icon":"<i class=\"icon-linkedin\"><\/i>","link":"https:\/\/www.linkedin.com\/company\/tele-worldwide\/"},{"icon":"<i class=\"icon-youtube\"><\/i>","link":"https:\/\/www.youtube.com\/user\/telehaase\/featured"},{"icon":"<i class=\"icon-instagram\"><\/i>","link":"https:\/\/www.instagram.com\/tele_haase\/"}]},"nav_data":{"link":"","text":""},"wpmlurl":{"de":"\/","en":"\/en\/","us":"\/us\/","fr":"\/fr\/","es":"\/es\/"}},"yoast_head":"<!-- This site is optimized with the Yoast SEO plugin v24.5 - https:\/\/yoast.com\/wordpress\/plugins\/seo\/ -->\n<title>TELE erweitert Photovoltaik-Anlage - Tele Haase<\/title>\n<meta name=\"description\" content=\"TELE verdoppelt die Photovoltaik-Kapazit\u00e4ten und erweitert die Anlage um insgesamt 62,4 kWp mit Modulen an den Fassadenfl\u00e4chen des Firmengeb\u00e4udes.\" \/>\n<meta name=\"robots\" content=\"index, follow, max-snippet:-1, max-image-preview:large, max-video-preview:-1\" \/>\n<link rel=\"canonical\" href=\"https:\/\/www.tele-online.com\/fr\/news\/tele-erweitert-photovoltaik-anlage\/\" \/>\n<meta property=\"og:locale\" content=\"fr_FR\" \/>\n<meta property=\"og:type\" content=\"article\" \/>\n<meta property=\"og:title\" content=\"TELE erweitert Photovoltaik-Anlage - Tele Haase\" \/>\n<meta property=\"og:description\" content=\"TELE verdoppelt die Photovoltaik-Kapazit\u00e4ten und erweitert die Anlage um insgesamt 62,4 kWp mit Modulen an den Fassadenfl\u00e4chen des Firmengeb\u00e4udes.\" \/>\n<meta property=\"og:url\" content=\"https:\/\/www.tele-online.com\/fr\/news\/tele-erweitert-photovoltaik-anlage\/\" \/>\n<meta property=\"og:site_name\" content=\"Tele Haase\" \/>\n<meta property=\"article:published_time\" content=\"2020-06-29T14:17:49+00:00\" \/>\n<meta property=\"article:modified_time\" content=\"2024-04-17T14:32:58+00:00\" \/>\n<meta property=\"og:image\" content=\"https:\/\/www.tele-online.com\/wp-content\/uploads\/2012\/12\/solaranlage-3780.jpg\" \/>\n\t<meta property=\"og:image:width\" content=\"1560\" \/>\n\t<meta property=\"og:image:height\" content=\"1170\" \/>\n\t<meta property=\"og:image:type\" content=\"image\/jpeg\" \/>\n<meta name=\"author\" content=\"barbara.reininger\" \/>\n<meta name=\"twitter:card\" content=\"summary_large_image\" \/>\n<meta name=\"twitter:label1\" content=\"\u00c9crit par\" \/>\n\t<meta name=\"twitter:data1\" content=\"barbara.reininger\" \/>\n<script type=\"application\/ld+json\" class=\"yoast-schema-graph\">{\"@context\":\"https:\/\/schema.org\",\"@graph\":[{\"@type\":\"WebPage\",\"@id\":\"https:\/\/www.tele-online.com\/fr\/news\/tele-erweitert-photovoltaik-anlage\/\",\"url\":\"https:\/\/www.tele-online.com\/fr\/news\/tele-erweitert-photovoltaik-anlage\/\",\"name\":\"TELE erweitert Photovoltaik-Anlage - Tele Haase\",\"isPartOf\":{\"@id\":\"https:\/\/www.tele-online.com\/fr\/#website\"},\"primaryImageOfPage\":{\"@id\":\"https:\/\/www.tele-online.com\/fr\/news\/tele-erweitert-photovoltaik-anlage\/#primaryimage\"},\"image\":{\"@id\":\"https:\/\/www.tele-online.com\/fr\/news\/tele-erweitert-photovoltaik-anlage\/#primaryimage\"},\"thumbnailUrl\":\"https:\/\/www.tele-online.com\/wp-content\/uploads\/2012\/12\/solaranlage-3780.jpg\",\"datePublished\":\"2020-06-29T14:17:49+00:00\",\"dateModified\":\"2024-04-17T14:32:58+00:00\",\"author\":{\"@id\":\"https:\/\/www.tele-online.com\/fr\/#\/schema\/person\/b4ae272cd5e5bc1e2052e26149de1ac0\"},\"description\":\"TELE verdoppelt die Photovoltaik-Kapazit\u00e4ten und erweitert die Anlage um insgesamt 62,4 kWp mit Modulen an den Fassadenfl\u00e4chen des Firmengeb\u00e4udes.\",\"breadcrumb\":{\"@id\":\"https:\/\/www.tele-online.com\/fr\/news\/tele-erweitert-photovoltaik-anlage\/#breadcrumb\"},\"inLanguage\":\"fr-FR\",\"potentialAction\":[{\"@type\":\"ReadAction\",\"target\":[\"https:\/\/www.tele-online.com\/fr\/news\/tele-erweitert-photovoltaik-anlage\/\"]}]},{\"@type\":\"ImageObject\",\"inLanguage\":\"fr-FR\",\"@id\":\"https:\/\/www.tele-online.com\/fr\/news\/tele-erweitert-photovoltaik-anlage\/#primaryimage\",\"url\":\"https:\/\/www.tele-online.com\/wp-content\/uploads\/2012\/12\/solaranlage-3780.jpg\",\"contentUrl\":\"https:\/\/www.tele-online.com\/wp-content\/uploads\/2012\/12\/solaranlage-3780.jpg\",\"width\":1560,\"height\":1170},{\"@type\":\"BreadcrumbList\",\"@id\":\"https:\/\/www.tele-online.com\/fr\/news\/tele-erweitert-photovoltaik-anlage\/#breadcrumb\",\"itemListElement\":[{\"@type\":\"ListItem\",\"position\":1,\"name\":\"Startseite\",\"item\":\"https:\/\/www.tele-online.com\/fr\/\"},{\"@type\":\"ListItem\",\"position\":2,\"name\":\"TELE erweitert Photovoltaik-Anlage\"}]},{\"@type\":\"WebSite\",\"@id\":\"https:\/\/www.tele-online.com\/fr\/#website\",\"url\":\"https:\/\/www.tele-online.com\/fr\/\",\"name\":\"Tele Haase\",\"description\":\"Your Smart Factory\",\"potentialAction\":[{\"@type\":\"SearchAction\",\"target\":{\"@type\":\"EntryPoint\",\"urlTemplate\":\"https:\/\/www.tele-online.com\/fr\/?s={search_term_string}\"},\"query-input\":{\"@type\":\"PropertyValueSpecification\",\"valueRequired\":true,\"valueName\":\"search_term_string\"}}],\"inLanguage\":\"fr-FR\"},{\"@type\":\"Person\",\"@id\":\"https:\/\/www.tele-online.com\/fr\/#\/schema\/person\/b4ae272cd5e5bc1e2052e26149de1ac0\",\"name\":\"barbara.reininger\",\"image\":{\"@type\":\"ImageObject\",\"inLanguage\":\"fr-FR\",\"@id\":\"https:\/\/www.tele-online.com\/fr\/#\/schema\/person\/image\/\",\"url\":\"https:\/\/secure.gravatar.com\/avatar\/00f0cf5ff01431d666b84bb7bc267428?s=96&d=mm&r=g\",\"contentUrl\":\"https:\/\/secure.gravatar.com\/avatar\/00f0cf5ff01431d666b84bb7bc267428?s=96&d=mm&r=g\",\"caption\":\"barbara.reininger\"},\"url\":\"https:\/\/www.tele-online.com\/fr\/author\/barbara-reininger\/\"}]}<\/script>\n<!-- \/ Yoast SEO plugin. -->","yoast_head_json":{"title":"TELE erweitert Photovoltaik-Anlage - Tele Haase","description":"TELE verdoppelt die Photovoltaik-Kapazit\u00e4ten und erweitert die Anlage um insgesamt 62,4 kWp mit Modulen an den Fassadenfl\u00e4chen des Firmengeb\u00e4udes.","robots":{"index":"index","follow":"follow","max-snippet":"max-snippet:-1","max-image-preview":"max-image-preview:large","max-video-preview":"max-video-preview:-1"},"canonical":"https:\/\/www.tele-online.com\/fr\/news\/tele-erweitert-photovoltaik-anlage\/","og_locale":"fr_FR","og_type":"article","og_title":"TELE erweitert Photovoltaik-Anlage - Tele Haase","og_description":"TELE verdoppelt die Photovoltaik-Kapazit\u00e4ten und erweitert die Anlage um insgesamt 62,4 kWp mit Modulen an den Fassadenfl\u00e4chen des Firmengeb\u00e4udes.","og_url":"https:\/\/www.tele-online.com\/fr\/news\/tele-erweitert-photovoltaik-anlage\/","og_site_name":"Tele Haase","article_published_time":"2020-06-29T14:17:49+00:00","article_modified_time":"2024-04-17T14:32:58+00:00","og_image":[{"width":1560,"height":1170,"url":"https:\/\/www.tele-online.com\/wp-content\/uploads\/2012\/12\/solaranlage-3780.jpg","type":"image\/jpeg"}],"author":"barbara.reininger","twitter_card":"summary_large_image","twitter_misc":{"\u00c9crit par":"barbara.reininger"},"schema":{"@context":"https:\/\/schema.org","@graph":[{"@type":"WebPage","@id":"https:\/\/www.tele-online.com\/fr\/news\/tele-erweitert-photovoltaik-anlage\/","url":"https:\/\/www.tele-online.com\/fr\/news\/tele-erweitert-photovoltaik-anlage\/","name":"TELE erweitert Photovoltaik-Anlage - Tele Haase","isPartOf":{"@id":"https:\/\/www.tele-online.com\/fr\/#website"},"primaryImageOfPage":{"@id":"https:\/\/www.tele-online.com\/fr\/news\/tele-erweitert-photovoltaik-anlage\/#primaryimage"},"image":{"@id":"https:\/\/www.tele-online.com\/fr\/news\/tele-erweitert-photovoltaik-anlage\/#primaryimage"},"thumbnailUrl":"https:\/\/www.tele-online.com\/wp-content\/uploads\/2012\/12\/solaranlage-3780.jpg","datePublished":"2020-06-29T14:17:49+00:00","dateModified":"2024-04-17T14:32:58+00:00","author":{"@id":"https:\/\/www.tele-online.com\/fr\/#\/schema\/person\/b4ae272cd5e5bc1e2052e26149de1ac0"},"description":"TELE verdoppelt die Photovoltaik-Kapazit\u00e4ten und erweitert die Anlage um insgesamt 62,4 kWp mit Modulen an den Fassadenfl\u00e4chen des Firmengeb\u00e4udes.","breadcrumb":{"@id":"https:\/\/www.tele-online.com\/fr\/news\/tele-erweitert-photovoltaik-anlage\/#breadcrumb"},"inLanguage":"fr-FR","potentialAction":[{"@type":"ReadAction","target":["https:\/\/www.tele-online.com\/fr\/news\/tele-erweitert-photovoltaik-anlage\/"]}]},{"@type":"ImageObject","inLanguage":"fr-FR","@id":"https:\/\/www.tele-online.com\/fr\/news\/tele-erweitert-photovoltaik-anlage\/#primaryimage","url":"https:\/\/www.tele-online.com\/wp-content\/uploads\/2012\/12\/solaranlage-3780.jpg","contentUrl":"https:\/\/www.tele-online.com\/wp-content\/uploads\/2012\/12\/solaranlage-3780.jpg","width":1560,"height":1170},{"@type":"BreadcrumbList","@id":"https:\/\/www.tele-online.com\/fr\/news\/tele-erweitert-photovoltaik-anlage\/#breadcrumb","itemListElement":[{"@type":"ListItem","position":1,"name":"Startseite","item":"https:\/\/www.tele-online.com\/fr\/"},{"@type":"ListItem","position":2,"name":"TELE erweitert Photovoltaik-Anlage"}]},{"@type":"WebSite","@id":"https:\/\/www.tele-online.com\/fr\/#website","url":"https:\/\/www.tele-online.com\/fr\/","name":"Tele Haase","description":"Your Smart Factory","potentialAction":[{"@type":"SearchAction","target":{"@type":"EntryPoint","urlTemplate":"https:\/\/www.tele-online.com\/fr\/?s={search_term_string}"},"query-input":{"@type":"PropertyValueSpecification","valueRequired":true,"valueName":"search_term_string"}}],"inLanguage":"fr-FR"},{"@type":"Person","@id":"https:\/\/www.tele-online.com\/fr\/#\/schema\/person\/b4ae272cd5e5bc1e2052e26149de1ac0","name":"barbara.reininger","image":{"@type":"ImageObject","inLanguage":"fr-FR","@id":"https:\/\/www.tele-online.com\/fr\/#\/schema\/person\/image\/","url":"https:\/\/secure.gravatar.com\/avatar\/00f0cf5ff01431d666b84bb7bc267428?s=96&d=mm&r=g","contentUrl":"https:\/\/secure.gravatar.com\/avatar\/00f0cf5ff01431d666b84bb7bc267428?s=96&d=mm&r=g","caption":"barbara.reininger"},"url":"https:\/\/www.tele-online.com\/fr\/author\/barbara-reininger\/"}]}},"yoast_data":{"yoast_wpseo_canonical":"https:\/\/www.tele-online.com\/fr\/news\/tele-erweitert-photovoltaik-anlage\/","yoast_wpseo_opengraph_image":"https:\/\/www.tele-online.com\/wp-content\/uploads\/2012\/12\/solaranlage-3780.jpg","yoast_wpseo_metadesc":"TELE verdoppelt die Photovoltaik-Kapazit\u00e4ten und erweitert die Anlage um insgesamt 62,4 kWp mit Modulen an den Fassadenfl\u00e4chen des Firmengeb\u00e4udes.","yoast_wpseo_meta_robots_noindex":"","yoast_wpseo_meta_robots_nofollow":""},"footer_links":null,"yoasttitle":"TELE erweitert Photovoltaik-Anlage - Tele Haase","yoast_title":"TELE erweitert Photovoltaik-Anlage - Tele Haase","yoast_meta":[{"name":"description","content":"TELE verdoppelt die Photovoltaik-Kapazit\u00e4ten und erweitert die Anlage um insgesamt 62,4 kWp mit Modulen an den Fassadenfl\u00e4chen des Firmengeb\u00e4udes."},{"name":"robots","content":"index, follow, max-snippet:-1, max-image-preview:large, max-video-preview:-1"},{"property":"og:locale","content":"fr_FR"},{"property":"og:type","content":"article"},{"property":"og:title","content":"TELE erweitert Photovoltaik-Anlage - Tele Haase"},{"property":"og:description","content":"TELE verdoppelt die Photovoltaik-Kapazit\u00e4ten und erweitert die Anlage um insgesamt 62,4 kWp mit Modulen an den Fassadenfl\u00e4chen des Firmengeb\u00e4udes."},{"property":"og:url","content":"https:\/\/www.tele-online.com\/fr\/news\/tele-erweitert-photovoltaik-anlage\/"},{"property":"og:site_name","content":"Tele Haase"},{"property":"article:published_time","content":"2020-06-29T14:17:49+00:00"},{"property":"article:modified_time","content":"2024-04-17T14:32:58+00:00"},{"property":"og:image","content":"https:\/\/www.tele-online.com\/wp-content\/uploads\/2012\/12\/solaranlage-3780.jpg"},{"property":"og:image:width","content":"1560"},{"property":"og:image:height","content":"1170"},{"property":"og:image:type","content":"image\/jpeg"},{"name":"author","content":"barbara.reininger"},{"name":"twitter:card","content":"summary_large_image"},{"name":"twitter:label1","content":"\u00c9crit par"},{"name":"twitter:data1","content":"barbara.reininger"},{"name":"robots","content":"index, follow, max-image-preview:large, max-snippet:-1, max-video-preview:-1"}],"yoast_json_ld":[{"@context":"https:\/\/schema.org","@graph":[{"@type":"WebPage","@id":"https:\/\/www.tele-online.com\/fr\/news\/tele-erweitert-photovoltaik-anlage\/","url":"https:\/\/www.tele-online.com\/fr\/news\/tele-erweitert-photovoltaik-anlage\/","name":"TELE erweitert Photovoltaik-Anlage - Tele Haase","isPartOf":{"@id":"https:\/\/www.tele-online.com\/fr\/#website"},"primaryImageOfPage":{"@id":"https:\/\/www.tele-online.com\/fr\/news\/tele-erweitert-photovoltaik-anlage\/#primaryimage"},"image":{"@id":"https:\/\/www.tele-online.com\/fr\/news\/tele-erweitert-photovoltaik-anlage\/#primaryimage"},"thumbnailUrl":"https:\/\/www.tele-online.com\/wp-content\/uploads\/2012\/12\/solaranlage-3780.jpg","datePublished":"2020-06-29T14:17:49+00:00","dateModified":"2024-04-17T14:32:58+00:00","author":{"@id":"https:\/\/www.tele-online.com\/fr\/#\/schema\/person\/b4ae272cd5e5bc1e2052e26149de1ac0"},"description":"TELE verdoppelt die Photovoltaik-Kapazit&auml;ten und erweitert die Anlage um insgesamt 62,4 kWp mit Modulen an den Fassadenfl&auml;chen des Firmengeb&auml;udes.","breadcrumb":{"@id":"https:\/\/www.tele-online.com\/fr\/news\/tele-erweitert-photovoltaik-anlage\/#breadcrumb"},"inLanguage":"fr-FR","potentialAction":[{"@type":"ReadAction","target":["https:\/\/www.tele-online.com\/fr\/news\/tele-erweitert-photovoltaik-anlage\/"]}]},{"@type":"ImageObject","inLanguage":"fr-FR","@id":"https:\/\/www.tele-online.com\/fr\/news\/tele-erweitert-photovoltaik-anlage\/#primaryimage","url":"https:\/\/www.tele-online.com\/wp-content\/uploads\/2012\/12\/solaranlage-3780.jpg","contentUrl":"https:\/\/www.tele-online.com\/wp-content\/uploads\/2012\/12\/solaranlage-3780.jpg","width":1560,"height":1170},{"@type":"BreadcrumbList","@id":"https:\/\/www.tele-online.com\/fr\/news\/tele-erweitert-photovoltaik-anlage\/#breadcrumb","itemListElement":[{"@type":"ListItem","position":1,"name":"Startseite","item":"https:\/\/www.tele-online.com\/fr\/"},{"@type":"ListItem","position":2,"name":"TELE erweitert Photovoltaik-Anlage"}]},{"@type":"WebSite","@id":"https:\/\/www.tele-online.com\/fr\/#website","url":"https:\/\/www.tele-online.com\/fr\/","name":"Tele Haase","description":"Your Smart Factory","potentialAction":[{"@type":"SearchAction","target":{"@type":"EntryPoint","urlTemplate":"https:\/\/www.tele-online.com\/fr\/?s={search_term_string}"},"query-input":{"@type":"PropertyValueSpecification","valueRequired":true,"valueName":"search_term_string"}}],"inLanguage":"fr-FR"},{"@type":"Person","@id":"https:\/\/www.tele-online.com\/fr\/#\/schema\/person\/b4ae272cd5e5bc1e2052e26149de1ac0","name":"barbara.reininger","image":{"@type":"ImageObject","inLanguage":"fr-FR","@id":"https:\/\/www.tele-online.com\/fr\/#\/schema\/person\/image\/","url":"https:\/\/secure.gravatar.com\/avatar\/00f0cf5ff01431d666b84bb7bc267428?s=96&d=mm&r=g","contentUrl":"https:\/\/secure.gravatar.com\/avatar\/00f0cf5ff01431d666b84bb7bc267428?s=96&d=mm&r=g","caption":"barbara.reininger"},"url":"https:\/\/www.tele-online.com\/fr\/author\/barbara-reininger\/"}]}],"_links":{"self":[{"href":"https:\/\/www.tele-online.com\/fr\/wp-json\/wp\/v2\/posts\/42497"}],"collection":[{"href":"https:\/\/www.tele-online.com\/fr\/wp-json\/wp\/v2\/posts"}],"about":[{"href":"https:\/\/www.tele-online.com\/fr\/wp-json\/wp\/v2\/types\/post"}],"author":[{"embeddable":true,"href":"https:\/\/www.tele-online.com\/fr\/wp-json\/wp\/v2\/users\/48"}],"replies":[{"embeddable":true,"href":"https:\/\/www.tele-online.com\/fr\/wp-json\/wp\/v2\/comments?post=42497"}],"version-history":[{"count":4,"href":"https:\/\/www.tele-online.com\/fr\/wp-json\/wp\/v2\/posts\/42497\/revisions"}],"predecessor-version":[{"id":756638,"href":"https:\/\/www.tele-online.com\/fr\/wp-json\/wp\/v2\/posts\/42497\/revisions\/756638"}],"wp:featuredmedia":[{"embeddable":true,"href":"https:\/\/www.tele-online.com\/fr\/wp-json\/wp\/v2\/media\/755"}],"wp:attachment":[{"href":"https:\/\/www.tele-online.com\/fr\/wp-json\/wp\/v2\/media?parent=42497"}],"wp:term":[{"taxonomy":"category","embeddable":true,"href":"https:\/\/www.tele-online.com\/fr\/wp-json\/wp\/v2\/categories?post=42497"},{"taxonomy":"post_tag","embeddable":true,"href":"https:\/\/www.tele-online.com\/fr\/wp-json\/wp\/v2\/tags?post=42497"}],"curies":[{"name":"wp","href":"https:\/\/api.w.org\/{rel}","templated":true}]}}