{"id":35670,"date":"2019-11-04T10:43:37","modified":"2024-04-17T16:32:58","slug":"tele-us-beim-botschafter-abschied","status":"publish","type":"post","link":"https:\/\/www.tele-online.com\/fr\/news\/tele-us-beim-botschafter-abschied\/","title":{"rendered":"TELE US beim Botschafter-Abschied"},"content":{"rendered":"","protected":false},"excerpt":{"rendered":"<p>Daniel Kr\u00f6pfl und Apolinar Rivera erwiesen dem scheidenden \u00f6sterreichischen US-Botschafter Wolfgang A. Waldner in Washington DC die Ehre.<\/p>\n","protected":false},"author":44,"featured_media":35675,"sticky":false,"template":"","format":"standard","categories":[6,9,1891],"tags":[6637,6629,1866,6628,6627,1046],"acf":{"news_title":"TELE US beim Botschafter-Abschied","news_image":false,"news_teaser":"","news_standardlayout_hinzufugen":"ja","news_mitarbeiter":588,"news_mitarbeiter_headline":"","news_mitarbeiter_text":"","webblocks":[],"seo":[{"googleAuthor":"","googlePublisher":"","schemaName":"","schemaDescription":"","schemaImage":false}],"footer_link_block":false,"news_max_hohe":"70vh","type":"automatisch","evt_bild":false,"evt_date":"","evt_time":"","evt_date_end":"","evt_time_end":"","evt_location":"","evt_teaser_text":"","evt_participants":"","evt_url":"","evt_background_img":false,"evt_description":"","footer":{"footer_headline_powerd_by":"Powered By TELE","footer_text_powered_by":"","footer_logos":null,"footer_mylayout_logos":"normal","footer_text_oben":"<p><strong>TELE Haase Steuerger\u00e4te Ges.m.b.H.<\/strong> | Vorarlberger Allee 38 (direct access via Slamastra\u00dfe 37), 1230 Vienna | Austria<\/p>\n<p><strong>Opening Hours<\/strong>: Monday-Thursday 08:00 a.m. to 04:00 p.m. &amp; Friday 08:00 a.m. to 01:00 p.m.<\/p>\n<p><strong><a href=\"https:\/\/www.tele-online.com\/en\/contact\/\">Contact Details<\/a><\/strong><\/p>\n","footer_headline_social_media":"","footer_social_media":[{"icon":"<i class=\"icon-facebook\"><\/i>","link":"https:\/\/www.facebook.com\/TELE-Haase-Steuerger%C3%A4te-GesmbH-212293998940265\/?rf=195551397135836"},{"icon":"<i class=\"icon-linkedin\"><\/i>","link":"https:\/\/www.linkedin.com\/company\/tele-worldwide\/"},{"icon":"<i class=\"icon-youtube\"><\/i>","link":"https:\/\/www.youtube.com\/user\/telehaase\/featured"},{"icon":"<i class=\"icon-instagram\"><\/i>","link":"https:\/\/www.instagram.com\/tele_haase\/"}]},"nav_data":{"link":"","text":""},"wpmlurl":{"de":"\/","en":"\/en\/","us":"\/us\/","fr":"\/fr\/","es":"\/es\/"}},"yoast_head":"<!-- This site is optimized with the Yoast SEO plugin v24.5 - https:\/\/yoast.com\/wordpress\/plugins\/seo\/ -->\n<title>TELE US beim Botschafter-Abschied - Tele Haase<\/title>\n<meta name=\"robots\" content=\"index, follow, max-snippet:-1, max-image-preview:large, max-video-preview:-1\" \/>\n<link rel=\"canonical\" href=\"https:\/\/www.tele-online.com\/fr\/news\/tele-us-beim-botschafter-abschied\/\" \/>\n<meta property=\"og:locale\" content=\"fr_FR\" \/>\n<meta property=\"og:type\" content=\"article\" \/>\n<meta property=\"og:title\" content=\"TELE US beim Botschafter-Abschied - Tele Haase\" \/>\n<meta property=\"og:description\" content=\"Daniel Kr\u00f6pfl und Apolinar Rivera erwiesen dem scheidenden \u00f6sterreichischen US-Botschafter Wolfgang A. Waldner in Washington DC die Ehre.\" \/>\n<meta property=\"og:url\" content=\"https:\/\/www.tele-online.com\/fr\/news\/tele-us-beim-botschafter-abschied\/\" \/>\n<meta property=\"og:site_name\" content=\"Tele Haase\" \/>\n<meta property=\"article:published_time\" content=\"2019-11-04T09:43:37+00:00\" \/>\n<meta property=\"article:modified_time\" content=\"2024-04-17T14:32:58+00:00\" \/>\n<meta property=\"og:image\" content=\"https:\/\/www.tele-online.com\/wp-content\/uploads\/2019\/11\/austrian-embasssy-farewell-5.jpg\" \/>\n\t<meta property=\"og:image:width\" content=\"1512\" \/>\n\t<meta property=\"og:image:height\" content=\"1137\" \/>\n\t<meta property=\"og:image:type\" content=\"image\/jpeg\" \/>\n<meta name=\"author\" content=\"super_admin\" \/>\n<meta name=\"twitter:card\" content=\"summary_large_image\" \/>\n<meta name=\"twitter:label1\" content=\"\u00c9crit par\" \/>\n\t<meta name=\"twitter:data1\" content=\"super_admin\" \/>\n\t<meta name=\"twitter:label2\" content=\"Dur\u00e9e de lecture estim\u00e9e\" \/>\n\t<meta name=\"twitter:data2\" content=\"1 minute\" \/>\n<script type=\"application\/ld+json\" class=\"yoast-schema-graph\">{\"@context\":\"https:\/\/schema.org\",\"@graph\":[{\"@type\":\"WebPage\",\"@id\":\"https:\/\/www.tele-online.com\/fr\/news\/tele-us-beim-botschafter-abschied\/\",\"url\":\"https:\/\/www.tele-online.com\/fr\/news\/tele-us-beim-botschafter-abschied\/\",\"name\":\"TELE US beim Botschafter-Abschied - Tele Haase\",\"isPartOf\":{\"@id\":\"https:\/\/www.tele-online.com\/fr\/#website\"},\"primaryImageOfPage\":{\"@id\":\"https:\/\/www.tele-online.com\/fr\/news\/tele-us-beim-botschafter-abschied\/#primaryimage\"},\"image\":{\"@id\":\"https:\/\/www.tele-online.com\/fr\/news\/tele-us-beim-botschafter-abschied\/#primaryimage\"},\"thumbnailUrl\":\"https:\/\/www.tele-online.com\/wp-content\/uploads\/2019\/11\/austrian-embasssy-farewell-5.jpg\",\"datePublished\":\"2019-11-04T09:43:37+00:00\",\"dateModified\":\"2024-04-17T14:32:58+00:00\",\"author\":{\"@id\":\"https:\/\/www.tele-online.com\/fr\/#\/schema\/person\/b34ffe2ceda61039bff765abf55f4aab\"},\"breadcrumb\":{\"@id\":\"https:\/\/www.tele-online.com\/fr\/news\/tele-us-beim-botschafter-abschied\/#breadcrumb\"},\"inLanguage\":\"fr-FR\",\"potentialAction\":[{\"@type\":\"ReadAction\",\"target\":[\"https:\/\/www.tele-online.com\/fr\/news\/tele-us-beim-botschafter-abschied\/\"]}]},{\"@type\":\"ImageObject\",\"inLanguage\":\"fr-FR\",\"@id\":\"https:\/\/www.tele-online.com\/fr\/news\/tele-us-beim-botschafter-abschied\/#primaryimage\",\"url\":\"https:\/\/www.tele-online.com\/wp-content\/uploads\/2019\/11\/austrian-embasssy-farewell-5.jpg\",\"contentUrl\":\"https:\/\/www.tele-online.com\/wp-content\/uploads\/2019\/11\/austrian-embasssy-farewell-5.jpg\",\"width\":1512,\"height\":1137},{\"@type\":\"BreadcrumbList\",\"@id\":\"https:\/\/www.tele-online.com\/fr\/news\/tele-us-beim-botschafter-abschied\/#breadcrumb\",\"itemListElement\":[{\"@type\":\"ListItem\",\"position\":1,\"name\":\"Startseite\",\"item\":\"https:\/\/www.tele-online.com\/fr\/\"},{\"@type\":\"ListItem\",\"position\":2,\"name\":\"TELE US beim Botschafter-Abschied\"}]},{\"@type\":\"WebSite\",\"@id\":\"https:\/\/www.tele-online.com\/fr\/#website\",\"url\":\"https:\/\/www.tele-online.com\/fr\/\",\"name\":\"Tele Haase\",\"description\":\"Your Smart Factory\",\"potentialAction\":[{\"@type\":\"SearchAction\",\"target\":{\"@type\":\"EntryPoint\",\"urlTemplate\":\"https:\/\/www.tele-online.com\/fr\/?s={search_term_string}\"},\"query-input\":{\"@type\":\"PropertyValueSpecification\",\"valueRequired\":true,\"valueName\":\"search_term_string\"}}],\"inLanguage\":\"fr-FR\"},{\"@type\":\"Person\",\"@id\":\"https:\/\/www.tele-online.com\/fr\/#\/schema\/person\/b34ffe2ceda61039bff765abf55f4aab\",\"name\":\"super_admin\",\"image\":{\"@type\":\"ImageObject\",\"inLanguage\":\"fr-FR\",\"@id\":\"https:\/\/www.tele-online.com\/fr\/#\/schema\/person\/image\/\",\"url\":\"https:\/\/secure.gravatar.com\/avatar\/1ee52c392abc5432df3c8b53e0921ab8?s=96&d=mm&r=g\",\"contentUrl\":\"https:\/\/secure.gravatar.com\/avatar\/1ee52c392abc5432df3c8b53e0921ab8?s=96&d=mm&r=g\",\"caption\":\"super_admin\"},\"url\":\"https:\/\/www.tele-online.com\/fr\/author\/super_admin\/\"}]}<\/script>\n<!-- \/ Yoast SEO plugin. -->","yoast_head_json":{"title":"TELE US beim Botschafter-Abschied - Tele Haase","robots":{"index":"index","follow":"follow","max-snippet":"max-snippet:-1","max-image-preview":"max-image-preview:large","max-video-preview":"max-video-preview:-1"},"canonical":"https:\/\/www.tele-online.com\/fr\/news\/tele-us-beim-botschafter-abschied\/","og_locale":"fr_FR","og_type":"article","og_title":"TELE US beim Botschafter-Abschied - Tele Haase","og_description":"Daniel Kr\u00f6pfl und Apolinar Rivera erwiesen dem scheidenden \u00f6sterreichischen US-Botschafter Wolfgang A. Waldner in Washington DC die Ehre.","og_url":"https:\/\/www.tele-online.com\/fr\/news\/tele-us-beim-botschafter-abschied\/","og_site_name":"Tele Haase","article_published_time":"2019-11-04T09:43:37+00:00","article_modified_time":"2024-04-17T14:32:58+00:00","og_image":[{"width":1512,"height":1137,"url":"https:\/\/www.tele-online.com\/wp-content\/uploads\/2019\/11\/austrian-embasssy-farewell-5.jpg","type":"image\/jpeg"}],"author":"super_admin","twitter_card":"summary_large_image","twitter_misc":{"\u00c9crit par":"super_admin","Dur\u00e9e de lecture estim\u00e9e":"1 minute"},"schema":{"@context":"https:\/\/schema.org","@graph":[{"@type":"WebPage","@id":"https:\/\/www.tele-online.com\/fr\/news\/tele-us-beim-botschafter-abschied\/","url":"https:\/\/www.tele-online.com\/fr\/news\/tele-us-beim-botschafter-abschied\/","name":"TELE US beim Botschafter-Abschied - Tele Haase","isPartOf":{"@id":"https:\/\/www.tele-online.com\/fr\/#website"},"primaryImageOfPage":{"@id":"https:\/\/www.tele-online.com\/fr\/news\/tele-us-beim-botschafter-abschied\/#primaryimage"},"image":{"@id":"https:\/\/www.tele-online.com\/fr\/news\/tele-us-beim-botschafter-abschied\/#primaryimage"},"thumbnailUrl":"https:\/\/www.tele-online.com\/wp-content\/uploads\/2019\/11\/austrian-embasssy-farewell-5.jpg","datePublished":"2019-11-04T09:43:37+00:00","dateModified":"2024-04-17T14:32:58+00:00","author":{"@id":"https:\/\/www.tele-online.com\/fr\/#\/schema\/person\/b34ffe2ceda61039bff765abf55f4aab"},"breadcrumb":{"@id":"https:\/\/www.tele-online.com\/fr\/news\/tele-us-beim-botschafter-abschied\/#breadcrumb"},"inLanguage":"fr-FR","potentialAction":[{"@type":"ReadAction","target":["https:\/\/www.tele-online.com\/fr\/news\/tele-us-beim-botschafter-abschied\/"]}]},{"@type":"ImageObject","inLanguage":"fr-FR","@id":"https:\/\/www.tele-online.com\/fr\/news\/tele-us-beim-botschafter-abschied\/#primaryimage","url":"https:\/\/www.tele-online.com\/wp-content\/uploads\/2019\/11\/austrian-embasssy-farewell-5.jpg","contentUrl":"https:\/\/www.tele-online.com\/wp-content\/uploads\/2019\/11\/austrian-embasssy-farewell-5.jpg","width":1512,"height":1137},{"@type":"BreadcrumbList","@id":"https:\/\/www.tele-online.com\/fr\/news\/tele-us-beim-botschafter-abschied\/#breadcrumb","itemListElement":[{"@type":"ListItem","position":1,"name":"Startseite","item":"https:\/\/www.tele-online.com\/fr\/"},{"@type":"ListItem","position":2,"name":"TELE US beim Botschafter-Abschied"}]},{"@type":"WebSite","@id":"https:\/\/www.tele-online.com\/fr\/#website","url":"https:\/\/www.tele-online.com\/fr\/","name":"Tele Haase","description":"Your Smart Factory","potentialAction":[{"@type":"SearchAction","target":{"@type":"EntryPoint","urlTemplate":"https:\/\/www.tele-online.com\/fr\/?s={search_term_string}"},"query-input":{"@type":"PropertyValueSpecification","valueRequired":true,"valueName":"search_term_string"}}],"inLanguage":"fr-FR"},{"@type":"Person","@id":"https:\/\/www.tele-online.com\/fr\/#\/schema\/person\/b34ffe2ceda61039bff765abf55f4aab","name":"super_admin","image":{"@type":"ImageObject","inLanguage":"fr-FR","@id":"https:\/\/www.tele-online.com\/fr\/#\/schema\/person\/image\/","url":"https:\/\/secure.gravatar.com\/avatar\/1ee52c392abc5432df3c8b53e0921ab8?s=96&d=mm&r=g","contentUrl":"https:\/\/secure.gravatar.com\/avatar\/1ee52c392abc5432df3c8b53e0921ab8?s=96&d=mm&r=g","caption":"super_admin"},"url":"https:\/\/www.tele-online.com\/fr\/author\/super_admin\/"}]}},"yoast_data":{"yoast_wpseo_canonical":"https:\/\/www.tele-online.com\/fr\/news\/tele-us-beim-botschafter-abschied\/","yoast_wpseo_opengraph_image":"https:\/\/www.tele-online.com\/wp-content\/uploads\/2019\/11\/austrian-embasssy-farewell-5.jpg","yoast_wpseo_metadesc":"","yoast_wpseo_meta_robots_noindex":"","yoast_wpseo_meta_robots_nofollow":""},"footer_links":null,"yoasttitle":"TELE US beim Botschafter-Abschied - Tele Haase","yoast_title":"TELE US beim Botschafter-Abschied - Tele Haase","yoast_meta":[{"name":"robots","content":"index, follow, max-snippet:-1, max-image-preview:large, max-video-preview:-1"},{"property":"og:locale","content":"de_DE"},{"property":"og:type","content":"article"},{"property":"og:title","content":"TELE US beim Botschafter-Abschied - Tele Haase"},{"property":"og:description","content":"Daniel Kr\u00f6pfl und Apolinar Rivera erwiesen dem scheidenden \u00f6sterreichischen US-Botschafter Wolfgang A. Waldner in Washington DC die Ehre."},{"property":"og:url","content":"https:\/\/www.tele-online.com\/news\/tele-us-beim-botschafter-abschied\/"},{"property":"og:site_name","content":"Tele Haase"},{"property":"article:published_time","content":"2019-11-04T09:43:37+00:00"},{"property":"article:modified_time","content":"2024-04-17T14:32:58+00:00"},{"property":"og:image","content":"https:\/\/www.tele-online.com\/wp-content\/uploads\/2019\/11\/austrian-embasssy-farewell-5.jpg"},{"property":"og:image:width","content":"1512"},{"property":"og:image:height","content":"1137"},{"property":"og:image:type","content":"image\/jpeg"},{"name":"author","content":"super_admin"},{"name":"twitter:card","content":"summary_large_image"},{"name":"twitter:label1","content":"Verfasst von"},{"name":"twitter:data1","content":"super_admin"},{"name":"twitter:label2","content":"Gesch\u00e4tzte Lesezeit"},{"name":"twitter:data2","content":"1\u00a0Minute"},{"name":"robots","content":"index, follow, max-image-preview:large, max-snippet:-1, max-video-preview:-1"}],"yoast_json_ld":[{"@context":"https:\/\/schema.org","@graph":[{"@type":"WebPage","@id":"https:\/\/www.tele-online.com\/news\/tele-us-beim-botschafter-abschied\/","url":"https:\/\/www.tele-online.com\/news\/tele-us-beim-botschafter-abschied\/","name":"TELE US beim Botschafter-Abschied - Tele Haase","isPartOf":{"@id":"https:\/\/www.tele-online.com\/#website"},"primaryImageOfPage":{"@id":"https:\/\/www.tele-online.com\/news\/tele-us-beim-botschafter-abschied\/#primaryimage"},"image":{"@id":"https:\/\/www.tele-online.com\/news\/tele-us-beim-botschafter-abschied\/#primaryimage"},"thumbnailUrl":"https:\/\/www.tele-online.com\/wp-content\/uploads\/2019\/11\/austrian-embasssy-farewell-5.jpg","datePublished":"2019-11-04T09:43:37+00:00","dateModified":"2024-04-17T14:32:58+00:00","author":{"@id":"https:\/\/www.tele-online.com\/#\/schema\/person\/b34ffe2ceda61039bff765abf55f4aab"},"breadcrumb":{"@id":"https:\/\/www.tele-online.com\/news\/tele-us-beim-botschafter-abschied\/#breadcrumb"},"inLanguage":"de","potentialAction":[{"@type":"ReadAction","target":["https:\/\/www.tele-online.com\/news\/tele-us-beim-botschafter-abschied\/"]}]},{"@type":"ImageObject","inLanguage":"de","@id":"https:\/\/www.tele-online.com\/news\/tele-us-beim-botschafter-abschied\/#primaryimage","url":"https:\/\/www.tele-online.com\/wp-content\/uploads\/2019\/11\/austrian-embasssy-farewell-5.jpg","contentUrl":"https:\/\/www.tele-online.com\/wp-content\/uploads\/2019\/11\/austrian-embasssy-farewell-5.jpg","width":1512,"height":1137},{"@type":"BreadcrumbList","@id":"https:\/\/www.tele-online.com\/news\/tele-us-beim-botschafter-abschied\/#breadcrumb","itemListElement":[{"@type":"ListItem","position":1,"name":"Startseite","item":"https:\/\/www.tele-online.com\/"},{"@type":"ListItem","position":2,"name":"TELE US beim Botschafter-Abschied"}]},{"@type":"WebSite","@id":"https:\/\/www.tele-online.com\/#website","url":"https:\/\/www.tele-online.com\/","name":"Tele Haase","description":"Your Smart Factory","potentialAction":[{"@type":"SearchAction","target":{"@type":"EntryPoint","urlTemplate":"https:\/\/www.tele-online.com\/?s={search_term_string}"},"query-input":{"@type":"PropertyValueSpecification","valueRequired":true,"valueName":"search_term_string"}}],"inLanguage":"de"},{"@type":"Person","@id":"https:\/\/www.tele-online.com\/#\/schema\/person\/b34ffe2ceda61039bff765abf55f4aab","name":"super_admin","image":{"@type":"ImageObject","inLanguage":"de","@id":"https:\/\/www.tele-online.com\/#\/schema\/person\/image\/","url":"https:\/\/secure.gravatar.com\/avatar\/1ee52c392abc5432df3c8b53e0921ab8?s=96&d=mm&r=g","contentUrl":"https:\/\/secure.gravatar.com\/avatar\/1ee52c392abc5432df3c8b53e0921ab8?s=96&d=mm&r=g","caption":"super_admin"},"url":"https:\/\/www.tele-online.com\/author\/super_admin\/"}]}],"_links":{"self":[{"href":"https:\/\/www.tele-online.com\/fr\/wp-json\/wp\/v2\/posts\/35670"}],"collection":[{"href":"https:\/\/www.tele-online.com\/fr\/wp-json\/wp\/v2\/posts"}],"about":[{"href":"https:\/\/www.tele-online.com\/fr\/wp-json\/wp\/v2\/types\/post"}],"author":[{"embeddable":true,"href":"https:\/\/www.tele-online.com\/fr\/wp-json\/wp\/v2\/users\/44"}],"replies":[{"embeddable":true,"href":"https:\/\/www.tele-online.com\/fr\/wp-json\/wp\/v2\/comments?post=35670"}],"version-history":[{"count":4,"href":"https:\/\/www.tele-online.com\/fr\/wp-json\/wp\/v2\/posts\/35670\/revisions"}],"predecessor-version":[{"id":756626,"href":"https:\/\/www.tele-online.com\/fr\/wp-json\/wp\/v2\/posts\/35670\/revisions\/756626"}],"wp:featuredmedia":[{"embeddable":true,"href":"https:\/\/www.tele-online.com\/fr\/wp-json\/wp\/v2\/media\/35675"}],"wp:attachment":[{"href":"https:\/\/www.tele-online.com\/fr\/wp-json\/wp\/v2\/media?parent=35670"}],"wp:term":[{"taxonomy":"category","embeddable":true,"href":"https:\/\/www.tele-online.com\/fr\/wp-json\/wp\/v2\/categories?post=35670"},{"taxonomy":"post_tag","embeddable":true,"href":"https:\/\/www.tele-online.com\/fr\/wp-json\/wp\/v2\/tags?post=35670"}],"curies":[{"name":"wp","href":"https:\/\/api.w.org\/{rel}","templated":true}]}}