{"id":68008,"date":"2021-05-26T13:43:34","modified":"2024-04-17T16:33:05","slug":"tele-haase-ist-fuer-den-trigos-award-nominiert","status":"publish","type":"post","link":"https:\/\/www.tele-online.com\/es\/news\/tele-haase-ist-fuer-den-trigos-award-nominiert\/","title":{"rendered":"TELE Haase ist f\u00fcr den TRIGOS Award nominiert"},"content":{"rendered":"        <div\n            id=\"block_5183b09770bdf18abaf235e9dd4bbf94\"\n            class=\"acf-block is-edit is-category-text\"\n            data-highlight=\"https:\/\/www.tele-online.com\/?p=68008#highlightblock=block_5183b09770bdf18abaf235e9dd4bbf94\"\n            data-block=\"textblock\"\n        >\n                            <h2 class=\"acf-block-title\">\n                    <svg  xmlns=\"http:\/\/www.w3.org\/2000\/svg\"  width=\"24\"  height=\"24\"  viewBox=\"0 0 24 24\"  fill=\"none\"  stroke=\"currentColor\"  stroke-width=\"2\"  stroke-linecap=\"round\"  stroke-linejoin=\"round\"  class=\"icon icon-tabler icons-tabler-outline icon-tabler-align-left\"><path stroke=\"none\" d=\"M0 0h24v24H0z\" fill=\"none\"\/><path d=\"M4 6l16 0\" \/><path d=\"M4 12l10 0\" \/><path d=\"M4 18l14 0\" \/><\/svg>                    <span class=\"name\">Textblock <\/span>\n                <\/h2>\n\n                                    <\/div>\n    ","protected":false},"excerpt":{"rendered":"","protected":false},"author":48,"featured_media":68017,"sticky":false,"template":"","format":"standard","categories":[6,9],"tags":[2359,7369],"acf":{"news_title":"TELE Haase ist f\u00fcr den TRIGOS Award nominiert","news_image":false,"news_teaser":"Mitarbeiter:inneninitiative \u201eDigitale Organisation\u201c hat gute Chancen auf \u00d6sterreichs Auszeichnung f\u00fcr verantwortungsvolles Wirtschaften.","news_standardlayout_hinzufugen":"ja","news_mitarbeiter":32644,"news_mitarbeiter_headline":"","news_mitarbeiter_text":"","webblocks":[{"acf_fc_layout":"textblock","acf_fc_id":"acf-block-69a2493c2eefd","acf_fc_style":"","flexible":false,"text":"<h2>Mitarbeiter:inneninitiative \u201eDigitale Organisation\u201c hat gute Chancen auf \u00d6sterreichs Award f\u00fcr verantwortungsvolles Wirtschaften<\/h2>\n<p>TELE hat die TRIGOS-Jury mit der Initiative \u201eDigitale Organisation\u201c \u00fcberzeugt und wurde unter 150 einreichenden Unternehmen f\u00fcr den TRIGOS \u00d6sterreich 2021 in der Kategorie \u201eMitarbeiter:innen-Initiativen\u201c nominiert. TELE konnte dabei besonders mit seiner neuen Organisationsform ohne klassische Hierarchien und Vorgesetzten punkten. Alle Mitarbeiter:innen entscheiden bei TELE demokratisch und bestimmen selbst, wie das Unternehmen Projekte umsetzt und die Organisation weiterentwickelt wird. Ein Ergebnis dieser Selbstorganisation ist die Digitalisierungsinitiative, die von den Mitarbeiter:innen initiiert und umgesetzt wurde. Ziel dabei war die B\u00fcndelung und Weiterentwicklung aller Aktivit\u00e4ten hinsichtlich Digitalisierung \u2013 wie z.B. Remote-Leadership (etwa im Home Office) oder dezentrale Entscheidungsfindung.<br \/>Die TRIGOS-Jury begr\u00fcndete ihre Entscheidung f\u00fcr TELE damit, dass \u201edieser Ansatz das Potenzial hat, die zuk\u00fcnftige Arbeitswelt zu ver\u00e4ndern und, dass das ist in einer preissensitiven Branche doppelt hervorzuheben ist.\u201c Die TRIGOS-Preisverleihung findet am 16. September 2021 in Wien statt und wir sind schon sehr gespannt, ob wir gewonnen haben.<\/p>\n<p>&nbsp;<\/p>\n<h3>TRIGOS \u2013 \u00d6sterreichs Auszeichnung f\u00fcr verantwortungsvolles Wirtschaften<\/h3>\n<p>Der TRIGOS ist \u00d6sterreichs renommierteste Auszeichnung f\u00fcr verantwortungsvolles Wirtschaften und wird seit 2004 vergeben. Ausgezeichnet werden Unternehmen, die eine F\u00fchrungsrolle und besondere Vorbildwirkung f\u00fcr verantwortliches Wirtschaften und Nachhaltigkeit \u00fcbernehmen und die zur Zukunftsf\u00e4higkeit der \u00f6sterreichischen Wirtschaft, Gesellschaft sowie Umwelt beitragen. Gleichzeitig wird der Beitrag zu den globalen Nachhaltigkeitszielen der UN \u2013 den Sustainable Development Goals (SDGs) \u2013 besonders gewertet. Im Rahmen einer allj\u00e4hrlichen Gala werden die TRIGOS-Auszeichnungen an vorbildliche Unternehmen mit herausragenden Leuchtturminitiativen verliehen.<\/p>\n<p><strong><a href=\"http:\/\/www.trigos.at\/trigos\/gewinner\/nominierte\" target=\"_blank\" rel=\"noopener\">Weitere Infos zum TRIGOS<\/a><\/strong><\/p>\n<p><img loading=\"lazy\" decoding=\"async\" class=\"alignnone wp-image-68010 size-full\" src=\"https:\/\/www.tele-online.com\/wp-content\/uploads\/2021\/05\/TRIGOS2021-Label-Nominiert-MitClaim-scaled.jpg\" alt=\"TRIGOS-TELE\" width=\"2048\" height=\"1020\" srcset=\"https:\/\/www.tele-online.com\/wp-content\/uploads\/2021\/05\/TRIGOS2021-Label-Nominiert-MitClaim-scaled.jpg 2048w, https:\/\/www.tele-online.com\/wp-content\/uploads\/2021\/05\/TRIGOS2021-Label-Nominiert-MitClaim-768x383.jpg 768w, https:\/\/www.tele-online.com\/wp-content\/uploads\/2021\/05\/TRIGOS2021-Label-Nominiert-MitClaim-1536x765.jpg 1536w, https:\/\/www.tele-online.com\/wp-content\/uploads\/2021\/05\/TRIGOS2021-Label-Nominiert-MitClaim-1920x957.jpg 1920w, https:\/\/www.tele-online.com\/wp-content\/uploads\/2021\/05\/TRIGOS2021-Label-Nominiert-MitClaim-320x159.jpg 320w, https:\/\/www.tele-online.com\/wp-content\/uploads\/2021\/05\/TRIGOS2021-Label-Nominiert-MitClaim-600x299.jpg 600w\" sizes=\"(max-width: 2048px) 100vw, 2048px\" \/><\/p>\n","id":"","linie_oben_einblenden":false,"linie_unten_einblenden":false,"container":"normal","hintergrund":"weis","box":false,"abstand_oben":"","abstand_unten":""}],"seo":[{"googleAuthor":"","googlePublisher":"","schemaName":"","schemaDescription":"","schemaImage":false}],"type":"automatisch","news_max_hohe":"70vh","evt_bild":false,"evt_date":"","evt_time":"","evt_date_end":"","evt_time_end":"","evt_location":"","evt_teaser_text":"","evt_participants":"","evt_url":"","evt_background_img":false,"evt_description":"","footer_link_block":false,"footer":{"footer_headline_powerd_by":"Powered By TELE","footer_text_powered_by":"","footer_logos":null,"footer_mylayout_logos":"normal","footer_text_oben":"<p><strong>TELE Haase Steuerger\u00e4te Ges.m.b.H.<\/strong> | Vorarlberger Allee 38 (direct access via Slamastra\u00dfe 37), 1230 Vienna | Austria<\/p>\n<p><strong>Opening Hours<\/strong>: Monday-Thursday 08:00 a.m. to 04:00 p.m. &amp; Friday 08:00 a.m. to 01:00 p.m.<\/p>\n<p><strong><a href=\"https:\/\/www.tele-online.com\/en\/contact\/\">Contact Details<\/a><\/strong><\/p>\n<p>&nbsp;<\/p>\n","footer_headline_social_media":"Social Media","footer_social_media":[{"icon":"<i class=\"icon-facebook\"><\/i>","link":"https:\/\/www.facebook.com\/TELE-Haase-Steuerger%C3%A4te-GesmbH-212293998940265\/?rf=195551397135836"},{"icon":"<i class=\"icon-linkedin\"><\/i>","link":"https:\/\/www.linkedin.com\/company\/tele-worldwide\/"},{"icon":"<i class=\"icon-youtube\"><\/i>","link":"https:\/\/www.youtube.com\/user\/telehaase\/featured"},{"icon":"<i class=\"icon-instagram\"><\/i>","link":"https:\/\/www.instagram.com\/tele_haase\/"}]},"nav_data":{"link":"","text":""},"wpmlurl":{"de":"\/","en":"\/en\/","us":"\/us\/","fr":"\/fr\/","es":"\/es\/"}},"yoast_head":"<!-- This site is optimized with the Yoast SEO plugin v24.5 - https:\/\/yoast.com\/wordpress\/plugins\/seo\/ -->\n<title>TELE Haase ist f\u00fcr den TRIGOS Award nominiert - Tele Haase<\/title>\n<meta name=\"description\" content=\"Mitarbeiter:inneninitiative \u201eDigitale Organisation\u201c hat gute Chancen auf \u00d6sterreichs Auszeichnung f\u00fcr verantwortungsvolles Wirtschaften.\" \/>\n<meta name=\"robots\" content=\"index, follow, max-snippet:-1, max-image-preview:large, max-video-preview:-1\" \/>\n<link rel=\"canonical\" href=\"https:\/\/www.tele-online.com\/es\/news\/tele-haase-ist-fuer-den-trigos-award-nominiert\/\" \/>\n<meta property=\"og:locale\" content=\"es_ES\" \/>\n<meta property=\"og:type\" content=\"article\" \/>\n<meta property=\"og:title\" content=\"TELE Haase ist f\u00fcr den TRIGOS Award nominiert - Tele Haase\" \/>\n<meta property=\"og:description\" content=\"Mitarbeiter:inneninitiative \u201eDigitale Organisation\u201c hat gute Chancen auf \u00d6sterreichs Auszeichnung f\u00fcr verantwortungsvolles Wirtschaften.\" \/>\n<meta property=\"og:url\" content=\"https:\/\/www.tele-online.com\/es\/news\/tele-haase-ist-fuer-den-trigos-award-nominiert\/\" \/>\n<meta property=\"og:site_name\" content=\"Tele Haase\" \/>\n<meta property=\"article:published_time\" content=\"2021-05-26T11:43:34+00:00\" \/>\n<meta property=\"article:modified_time\" content=\"2024-04-17T14:33:05+00:00\" \/>\n<meta property=\"og:image\" content=\"https:\/\/www.tele-online.com\/wp-content\/uploads\/2021\/05\/TRIGOS2021-Label-Nominiert-scaled.jpg\" \/>\n\t<meta property=\"og:image:width\" content=\"2048\" \/>\n\t<meta property=\"og:image:height\" content=\"1020\" \/>\n\t<meta property=\"og:image:type\" content=\"image\/jpeg\" \/>\n<meta name=\"author\" content=\"barbara.reininger\" \/>\n<meta name=\"twitter:card\" content=\"summary_large_image\" \/>\n<meta name=\"twitter:label1\" content=\"Escrito por\" \/>\n\t<meta name=\"twitter:data1\" content=\"barbara.reininger\" \/>\n<script type=\"application\/ld+json\" class=\"yoast-schema-graph\">{\"@context\":\"https:\/\/schema.org\",\"@graph\":[{\"@type\":\"WebPage\",\"@id\":\"https:\/\/www.tele-online.com\/es\/news\/tele-haase-ist-fuer-den-trigos-award-nominiert\/\",\"url\":\"https:\/\/www.tele-online.com\/es\/news\/tele-haase-ist-fuer-den-trigos-award-nominiert\/\",\"name\":\"TELE Haase ist f\u00fcr den TRIGOS Award nominiert - Tele Haase\",\"isPartOf\":{\"@id\":\"https:\/\/www.tele-online.com\/es\/#website\"},\"primaryImageOfPage\":{\"@id\":\"https:\/\/www.tele-online.com\/es\/news\/tele-haase-ist-fuer-den-trigos-award-nominiert\/#primaryimage\"},\"image\":{\"@id\":\"https:\/\/www.tele-online.com\/es\/news\/tele-haase-ist-fuer-den-trigos-award-nominiert\/#primaryimage\"},\"thumbnailUrl\":\"https:\/\/www.tele-online.com\/wp-content\/uploads\/2021\/05\/TRIGOS2021-Label-Nominiert-scaled.jpg\",\"datePublished\":\"2021-05-26T11:43:34+00:00\",\"dateModified\":\"2024-04-17T14:33:05+00:00\",\"author\":{\"@id\":\"https:\/\/www.tele-online.com\/es\/#\/schema\/person\/b4ae272cd5e5bc1e2052e26149de1ac0\"},\"description\":\"Mitarbeiter:inneninitiative \u201eDigitale Organisation\u201c hat gute Chancen auf \u00d6sterreichs Auszeichnung f\u00fcr verantwortungsvolles Wirtschaften.\",\"breadcrumb\":{\"@id\":\"https:\/\/www.tele-online.com\/es\/news\/tele-haase-ist-fuer-den-trigos-award-nominiert\/#breadcrumb\"},\"inLanguage\":\"es\",\"potentialAction\":[{\"@type\":\"ReadAction\",\"target\":[\"https:\/\/www.tele-online.com\/es\/news\/tele-haase-ist-fuer-den-trigos-award-nominiert\/\"]}]},{\"@type\":\"ImageObject\",\"inLanguage\":\"es\",\"@id\":\"https:\/\/www.tele-online.com\/es\/news\/tele-haase-ist-fuer-den-trigos-award-nominiert\/#primaryimage\",\"url\":\"https:\/\/www.tele-online.com\/wp-content\/uploads\/2021\/05\/TRIGOS2021-Label-Nominiert-scaled.jpg\",\"contentUrl\":\"https:\/\/www.tele-online.com\/wp-content\/uploads\/2021\/05\/TRIGOS2021-Label-Nominiert-scaled.jpg\",\"width\":2048,\"height\":1020},{\"@type\":\"BreadcrumbList\",\"@id\":\"https:\/\/www.tele-online.com\/es\/news\/tele-haase-ist-fuer-den-trigos-award-nominiert\/#breadcrumb\",\"itemListElement\":[{\"@type\":\"ListItem\",\"position\":1,\"name\":\"Startseite\",\"item\":\"https:\/\/www.tele-online.com\/es\/\"},{\"@type\":\"ListItem\",\"position\":2,\"name\":\"TELE Haase ist f\u00fcr den TRIGOS Award nominiert\"}]},{\"@type\":\"WebSite\",\"@id\":\"https:\/\/www.tele-online.com\/es\/#website\",\"url\":\"https:\/\/www.tele-online.com\/es\/\",\"name\":\"Tele Haase\",\"description\":\"Your Smart Factory\",\"potentialAction\":[{\"@type\":\"SearchAction\",\"target\":{\"@type\":\"EntryPoint\",\"urlTemplate\":\"https:\/\/www.tele-online.com\/es\/?s={search_term_string}\"},\"query-input\":{\"@type\":\"PropertyValueSpecification\",\"valueRequired\":true,\"valueName\":\"search_term_string\"}}],\"inLanguage\":\"es\"},{\"@type\":\"Person\",\"@id\":\"https:\/\/www.tele-online.com\/es\/#\/schema\/person\/b4ae272cd5e5bc1e2052e26149de1ac0\",\"name\":\"barbara.reininger\",\"image\":{\"@type\":\"ImageObject\",\"inLanguage\":\"es\",\"@id\":\"https:\/\/www.tele-online.com\/es\/#\/schema\/person\/image\/\",\"url\":\"https:\/\/secure.gravatar.com\/avatar\/00f0cf5ff01431d666b84bb7bc267428?s=96&d=mm&r=g\",\"contentUrl\":\"https:\/\/secure.gravatar.com\/avatar\/00f0cf5ff01431d666b84bb7bc267428?s=96&d=mm&r=g\",\"caption\":\"barbara.reininger\"},\"url\":\"https:\/\/www.tele-online.com\/es\/author\/barbara-reininger\/\"}]}<\/script>\n<!-- \/ Yoast SEO plugin. -->","yoast_head_json":{"title":"TELE Haase ist f\u00fcr den TRIGOS Award nominiert - Tele Haase","description":"Mitarbeiter:inneninitiative \u201eDigitale Organisation\u201c hat gute Chancen auf \u00d6sterreichs Auszeichnung f\u00fcr verantwortungsvolles Wirtschaften.","robots":{"index":"index","follow":"follow","max-snippet":"max-snippet:-1","max-image-preview":"max-image-preview:large","max-video-preview":"max-video-preview:-1"},"canonical":"https:\/\/www.tele-online.com\/es\/news\/tele-haase-ist-fuer-den-trigos-award-nominiert\/","og_locale":"es_ES","og_type":"article","og_title":"TELE Haase ist f\u00fcr den TRIGOS Award nominiert - Tele Haase","og_description":"Mitarbeiter:inneninitiative \u201eDigitale Organisation\u201c hat gute Chancen auf \u00d6sterreichs Auszeichnung f\u00fcr verantwortungsvolles Wirtschaften.","og_url":"https:\/\/www.tele-online.com\/es\/news\/tele-haase-ist-fuer-den-trigos-award-nominiert\/","og_site_name":"Tele Haase","article_published_time":"2021-05-26T11:43:34+00:00","article_modified_time":"2024-04-17T14:33:05+00:00","og_image":[{"width":2048,"height":1020,"url":"https:\/\/www.tele-online.com\/wp-content\/uploads\/2021\/05\/TRIGOS2021-Label-Nominiert-scaled.jpg","type":"image\/jpeg"}],"author":"barbara.reininger","twitter_card":"summary_large_image","twitter_misc":{"Escrito por":"barbara.reininger"},"schema":{"@context":"https:\/\/schema.org","@graph":[{"@type":"WebPage","@id":"https:\/\/www.tele-online.com\/es\/news\/tele-haase-ist-fuer-den-trigos-award-nominiert\/","url":"https:\/\/www.tele-online.com\/es\/news\/tele-haase-ist-fuer-den-trigos-award-nominiert\/","name":"TELE Haase ist f\u00fcr den TRIGOS Award nominiert - Tele Haase","isPartOf":{"@id":"https:\/\/www.tele-online.com\/es\/#website"},"primaryImageOfPage":{"@id":"https:\/\/www.tele-online.com\/es\/news\/tele-haase-ist-fuer-den-trigos-award-nominiert\/#primaryimage"},"image":{"@id":"https:\/\/www.tele-online.com\/es\/news\/tele-haase-ist-fuer-den-trigos-award-nominiert\/#primaryimage"},"thumbnailUrl":"https:\/\/www.tele-online.com\/wp-content\/uploads\/2021\/05\/TRIGOS2021-Label-Nominiert-scaled.jpg","datePublished":"2021-05-26T11:43:34+00:00","dateModified":"2024-04-17T14:33:05+00:00","author":{"@id":"https:\/\/www.tele-online.com\/es\/#\/schema\/person\/b4ae272cd5e5bc1e2052e26149de1ac0"},"description":"Mitarbeiter:inneninitiative \u201eDigitale Organisation\u201c hat gute Chancen auf \u00d6sterreichs Auszeichnung f\u00fcr verantwortungsvolles Wirtschaften.","breadcrumb":{"@id":"https:\/\/www.tele-online.com\/es\/news\/tele-haase-ist-fuer-den-trigos-award-nominiert\/#breadcrumb"},"inLanguage":"es","potentialAction":[{"@type":"ReadAction","target":["https:\/\/www.tele-online.com\/es\/news\/tele-haase-ist-fuer-den-trigos-award-nominiert\/"]}]},{"@type":"ImageObject","inLanguage":"es","@id":"https:\/\/www.tele-online.com\/es\/news\/tele-haase-ist-fuer-den-trigos-award-nominiert\/#primaryimage","url":"https:\/\/www.tele-online.com\/wp-content\/uploads\/2021\/05\/TRIGOS2021-Label-Nominiert-scaled.jpg","contentUrl":"https:\/\/www.tele-online.com\/wp-content\/uploads\/2021\/05\/TRIGOS2021-Label-Nominiert-scaled.jpg","width":2048,"height":1020},{"@type":"BreadcrumbList","@id":"https:\/\/www.tele-online.com\/es\/news\/tele-haase-ist-fuer-den-trigos-award-nominiert\/#breadcrumb","itemListElement":[{"@type":"ListItem","position":1,"name":"Startseite","item":"https:\/\/www.tele-online.com\/es\/"},{"@type":"ListItem","position":2,"name":"TELE Haase ist f\u00fcr den TRIGOS Award nominiert"}]},{"@type":"WebSite","@id":"https:\/\/www.tele-online.com\/es\/#website","url":"https:\/\/www.tele-online.com\/es\/","name":"Tele Haase","description":"Your Smart Factory","potentialAction":[{"@type":"SearchAction","target":{"@type":"EntryPoint","urlTemplate":"https:\/\/www.tele-online.com\/es\/?s={search_term_string}"},"query-input":{"@type":"PropertyValueSpecification","valueRequired":true,"valueName":"search_term_string"}}],"inLanguage":"es"},{"@type":"Person","@id":"https:\/\/www.tele-online.com\/es\/#\/schema\/person\/b4ae272cd5e5bc1e2052e26149de1ac0","name":"barbara.reininger","image":{"@type":"ImageObject","inLanguage":"es","@id":"https:\/\/www.tele-online.com\/es\/#\/schema\/person\/image\/","url":"https:\/\/secure.gravatar.com\/avatar\/00f0cf5ff01431d666b84bb7bc267428?s=96&d=mm&r=g","contentUrl":"https:\/\/secure.gravatar.com\/avatar\/00f0cf5ff01431d666b84bb7bc267428?s=96&d=mm&r=g","caption":"barbara.reininger"},"url":"https:\/\/www.tele-online.com\/es\/author\/barbara-reininger\/"}]}},"yoast_data":{"yoast_wpseo_canonical":"https:\/\/www.tele-online.com\/es\/news\/tele-haase-ist-fuer-den-trigos-award-nominiert\/","yoast_wpseo_opengraph_image":"https:\/\/www.tele-online.com\/wp-content\/uploads\/2021\/05\/TRIGOS2021-Label-Nominiert-scaled.jpg","yoast_wpseo_metadesc":"Mitarbeiter:inneninitiative \u201eDigitale Organisation\u201c hat gute Chancen auf \u00d6sterreichs Auszeichnung f\u00fcr verantwortungsvolles Wirtschaften.","yoast_wpseo_meta_robots_noindex":"","yoast_wpseo_meta_robots_nofollow":""},"footer_links":null,"yoasttitle":"TELE Haase ist f\u00fcr den TRIGOS Award nominiert - Tele Haase","yoast_title":"TELE Haase ist f\u00fcr den TRIGOS Award nominiert - Tele Haase","yoast_meta":[{"name":"description","content":"Mitarbeiter:inneninitiative \u201eDigitale Organisation\u201c hat gute Chancen auf \u00d6sterreichs Auszeichnung f\u00fcr verantwortungsvolles Wirtschaften."},{"name":"robots","content":"index, follow, max-snippet:-1, max-image-preview:large, max-video-preview:-1"},{"property":"og:locale","content":"de_DE"},{"property":"og:type","content":"article"},{"property":"og:title","content":"TELE Haase ist f\u00fcr den TRIGOS Award nominiert - Tele Haase"},{"property":"og:description","content":"Mitarbeiter:inneninitiative \u201eDigitale Organisation\u201c hat gute Chancen auf \u00d6sterreichs Auszeichnung f\u00fcr verantwortungsvolles Wirtschaften."},{"property":"og:url","content":"https:\/\/www.tele-online.com\/news\/tele-haase-ist-fuer-den-trigos-award-nominiert\/"},{"property":"og:site_name","content":"Tele Haase"},{"property":"article:published_time","content":"2021-05-26T11:43:34+00:00"},{"property":"article:modified_time","content":"2024-04-17T14:33:05+00:00"},{"property":"og:image","content":"https:\/\/www.tele-online.com\/wp-content\/uploads\/2021\/05\/TRIGOS2021-Label-Nominiert-scaled.jpg"},{"property":"og:image:width","content":"2048"},{"property":"og:image:height","content":"1020"},{"property":"og:image:type","content":"image\/jpeg"},{"name":"author","content":"barbara.reininger"},{"name":"twitter:card","content":"summary_large_image"},{"name":"twitter:label1","content":"Verfasst von"},{"name":"twitter:data1","content":"barbara.reininger"},{"name":"robots","content":"index, follow, max-image-preview:large, max-snippet:-1, max-video-preview:-1"}],"yoast_json_ld":[{"@context":"https:\/\/schema.org","@graph":[{"@type":"WebPage","@id":"https:\/\/www.tele-online.com\/news\/tele-haase-ist-fuer-den-trigos-award-nominiert\/","url":"https:\/\/www.tele-online.com\/news\/tele-haase-ist-fuer-den-trigos-award-nominiert\/","name":"TELE Haase ist f&uuml;r den TRIGOS Award nominiert - Tele Haase","isPartOf":{"@id":"https:\/\/www.tele-online.com\/#website"},"primaryImageOfPage":{"@id":"https:\/\/www.tele-online.com\/news\/tele-haase-ist-fuer-den-trigos-award-nominiert\/#primaryimage"},"image":{"@id":"https:\/\/www.tele-online.com\/news\/tele-haase-ist-fuer-den-trigos-award-nominiert\/#primaryimage"},"thumbnailUrl":"https:\/\/www.tele-online.com\/wp-content\/uploads\/2021\/05\/TRIGOS2021-Label-Nominiert-scaled.jpg","datePublished":"2021-05-26T11:43:34+00:00","dateModified":"2024-04-17T14:33:05+00:00","author":{"@id":"https:\/\/www.tele-online.com\/#\/schema\/person\/b4ae272cd5e5bc1e2052e26149de1ac0"},"description":"Mitarbeiter:inneninitiative &bdquo;Digitale Organisation&ldquo; hat gute Chancen auf &Ouml;sterreichs Auszeichnung f&uuml;r verantwortungsvolles Wirtschaften.","breadcrumb":{"@id":"https:\/\/www.tele-online.com\/news\/tele-haase-ist-fuer-den-trigos-award-nominiert\/#breadcrumb"},"inLanguage":"de","potentialAction":[{"@type":"ReadAction","target":["https:\/\/www.tele-online.com\/news\/tele-haase-ist-fuer-den-trigos-award-nominiert\/"]}]},{"@type":"ImageObject","inLanguage":"de","@id":"https:\/\/www.tele-online.com\/news\/tele-haase-ist-fuer-den-trigos-award-nominiert\/#primaryimage","url":"https:\/\/www.tele-online.com\/wp-content\/uploads\/2021\/05\/TRIGOS2021-Label-Nominiert-scaled.jpg","contentUrl":"https:\/\/www.tele-online.com\/wp-content\/uploads\/2021\/05\/TRIGOS2021-Label-Nominiert-scaled.jpg","width":2048,"height":1020},{"@type":"BreadcrumbList","@id":"https:\/\/www.tele-online.com\/news\/tele-haase-ist-fuer-den-trigos-award-nominiert\/#breadcrumb","itemListElement":[{"@type":"ListItem","position":1,"name":"Startseite","item":"https:\/\/www.tele-online.com\/"},{"@type":"ListItem","position":2,"name":"TELE Haase ist f&uuml;r den TRIGOS Award nominiert"}]},{"@type":"WebSite","@id":"https:\/\/www.tele-online.com\/#website","url":"https:\/\/www.tele-online.com\/","name":"Tele Haase","description":"Your Smart Factory","potentialAction":[{"@type":"SearchAction","target":{"@type":"EntryPoint","urlTemplate":"https:\/\/www.tele-online.com\/?s={search_term_string}"},"query-input":{"@type":"PropertyValueSpecification","valueRequired":true,"valueName":"search_term_string"}}],"inLanguage":"de"},{"@type":"Person","@id":"https:\/\/www.tele-online.com\/#\/schema\/person\/b4ae272cd5e5bc1e2052e26149de1ac0","name":"barbara.reininger","image":{"@type":"ImageObject","inLanguage":"de","@id":"https:\/\/www.tele-online.com\/#\/schema\/person\/image\/","url":"https:\/\/secure.gravatar.com\/avatar\/00f0cf5ff01431d666b84bb7bc267428?s=96&d=mm&r=g","contentUrl":"https:\/\/secure.gravatar.com\/avatar\/00f0cf5ff01431d666b84bb7bc267428?s=96&d=mm&r=g","caption":"barbara.reininger"},"url":"https:\/\/www.tele-online.com\/author\/barbara-reininger\/"}]}],"_links":{"self":[{"href":"https:\/\/www.tele-online.com\/es\/wp-json\/wp\/v2\/posts\/68008"}],"collection":[{"href":"https:\/\/www.tele-online.com\/es\/wp-json\/wp\/v2\/posts"}],"about":[{"href":"https:\/\/www.tele-online.com\/es\/wp-json\/wp\/v2\/types\/post"}],"author":[{"embeddable":true,"href":"https:\/\/www.tele-online.com\/es\/wp-json\/wp\/v2\/users\/48"}],"replies":[{"embeddable":true,"href":"https:\/\/www.tele-online.com\/es\/wp-json\/wp\/v2\/comments?post=68008"}],"version-history":[{"count":6,"href":"https:\/\/www.tele-online.com\/es\/wp-json\/wp\/v2\/posts\/68008\/revisions"}],"predecessor-version":[{"id":756674,"href":"https:\/\/www.tele-online.com\/es\/wp-json\/wp\/v2\/posts\/68008\/revisions\/756674"}],"wp:featuredmedia":[{"embeddable":true,"href":"https:\/\/www.tele-online.com\/es\/wp-json\/wp\/v2\/media\/68017"}],"wp:attachment":[{"href":"https:\/\/www.tele-online.com\/es\/wp-json\/wp\/v2\/media?parent=68008"}],"wp:term":[{"taxonomy":"category","embeddable":true,"href":"https:\/\/www.tele-online.com\/es\/wp-json\/wp\/v2\/categories?post=68008"},{"taxonomy":"post_tag","embeddable":true,"href":"https:\/\/www.tele-online.com\/es\/wp-json\/wp\/v2\/tags?post=68008"}],"curies":[{"name":"wp","href":"https:\/\/api.w.org\/{rel}","templated":true}]}}