{"id":46347,"date":"2020-11-30T16:46:21","modified":"2024-04-17T16:33:01","slug":"tele-netz-und-anlagenschutz-sichert-neue-pv-anlage-bei-mehler","status":"publish","type":"post","link":"https:\/\/www.tele-online.com\/en\/news\/tele-netz-und-anlagenschutz-sichert-neue-pv-anlage-bei-mehler\/","title":{"rendered":"TELE NA-Schutz sichert neue PV-Anlage bei Mehler"},"content":{"rendered":"        <div\n            id=\"block_4d7f592c9577a59c77ab7152d08abcc0\"\n            class=\"acf-block is-edit is-category-text\"\n            data-highlight=\"https:\/\/www.tele-online.com\/?p=46347#highlightblock=block_4d7f592c9577a59c77ab7152d08abcc0\"\n            data-block=\"textblock\"\n        >\n                            <h2 class=\"acf-block-title\">\n                    <svg  xmlns=\"http:\/\/www.w3.org\/2000\/svg\"  width=\"24\"  height=\"24\"  viewBox=\"0 0 24 24\"  fill=\"none\"  stroke=\"currentColor\"  stroke-width=\"2\"  stroke-linecap=\"round\"  stroke-linejoin=\"round\"  class=\"icon icon-tabler icons-tabler-outline icon-tabler-align-left\"><path stroke=\"none\" d=\"M0 0h24v24H0z\" fill=\"none\"\/><path d=\"M4 6l16 0\" \/><path d=\"M4 12l10 0\" \/><path d=\"M4 18l14 0\" \/><\/svg>                    <span class=\"name\">Textblock <\/span>\n                <\/h2>\n\n                                    <\/div>\n            <div\n            id=\"block_6c6a009ffd4151b6a0bec67a793fd066\"\n            class=\"acf-block is-edit is-category-text\"\n            data-highlight=\"https:\/\/www.tele-online.com\/?p=46347#highlightblock=block_6c6a009ffd4151b6a0bec67a793fd066\"\n            data-block=\"bildtextundlink\"\n        >\n                            <h2 class=\"acf-block-title\">\n                    <svg  xmlns=\"http:\/\/www.w3.org\/2000\/svg\"  width=\"24\"  height=\"24\"  viewBox=\"0 0 24 24\"  fill=\"none\"  stroke=\"currentColor\"  stroke-width=\"2\"  stroke-linecap=\"round\"  stroke-linejoin=\"round\"  class=\"icon icon-tabler icons-tabler-outline icon-tabler-align-left\"><path stroke=\"none\" d=\"M0 0h24v24H0z\" fill=\"none\"\/><path d=\"M4 6l16 0\" \/><path d=\"M4 12l10 0\" \/><path d=\"M4 18l14 0\" \/><\/svg>                    <span class=\"name\">Bild Text und Link <\/span>\n                <\/h2>\n\n                                    <\/div>\n            <div\n            id=\"block_844ad16988e257b6d87f71d978dcd0cf\"\n            class=\"acf-block is-edit is-category-text\"\n            data-highlight=\"https:\/\/www.tele-online.com\/?p=46347#highlightblock=block_844ad16988e257b6d87f71d978dcd0cf\"\n            data-block=\"zitat\"\n        >\n                            <h2 class=\"acf-block-title\">\n                    <svg  xmlns=\"http:\/\/www.w3.org\/2000\/svg\"  width=\"24\"  height=\"24\"  viewBox=\"0 0 24 24\"  fill=\"none\"  stroke=\"currentColor\"  stroke-width=\"2\"  stroke-linecap=\"round\"  stroke-linejoin=\"round\"  class=\"icon icon-tabler icons-tabler-outline icon-tabler-align-left\"><path stroke=\"none\" d=\"M0 0h24v24H0z\" fill=\"none\"\/><path d=\"M4 6l16 0\" \/><path d=\"M4 12l10 0\" \/><path d=\"M4 18l14 0\" \/><\/svg>                    <span class=\"name\">Zitat <\/span>\n                <\/h2>\n\n                                    <\/div>\n            <div\n            id=\"block_5af495c61f8f416cf39ae0f49358472d\"\n            class=\"acf-block is-edit is-category-text\"\n            data-highlight=\"https:\/\/www.tele-online.com\/?p=46347#highlightblock=block_5af495c61f8f416cf39ae0f49358472d\"\n            data-block=\"bildtextundlink\"\n        >\n                            <h2 class=\"acf-block-title\">\n                    <svg  xmlns=\"http:\/\/www.w3.org\/2000\/svg\"  width=\"24\"  height=\"24\"  viewBox=\"0 0 24 24\"  fill=\"none\"  stroke=\"currentColor\"  stroke-width=\"2\"  stroke-linecap=\"round\"  stroke-linejoin=\"round\"  class=\"icon icon-tabler icons-tabler-outline icon-tabler-align-left\"><path stroke=\"none\" d=\"M0 0h24v24H0z\" fill=\"none\"\/><path d=\"M4 6l16 0\" \/><path d=\"M4 12l10 0\" \/><path d=\"M4 18l14 0\" \/><\/svg>                    <span class=\"name\">Bild Text und Link <\/span>\n                <\/h2>\n\n                                    <\/div>\n    ","protected":false},"excerpt":{"rendered":"","protected":false},"author":48,"featured_media":46350,"sticky":false,"template":"","format":"standard","categories":[6,9,1892],"tags":[264,262,1838],"acf":{"news_title":"TELE NA-Schutz sichert neue PV-Anlage bei Mehler","news_image":{"ID":46356,"id":46356,"title":"Mehler-PV-Anlage-NA-Schutz-TELE2","filename":"Mehler-PV-Anlage-NA-Schutz-TELE2.jpg","filesize":185920,"url":"https:\/\/www.tele-online.com\/wp-content\/uploads\/2020\/11\/Mehler-PV-Anlage-NA-Schutz-TELE2.jpg","link":"https:\/\/www.tele-online.com\/en\/news\/tele-grid-and-system-protection-protexts-pv-sytem-at-mehler\/attachment\/mehler-pv-anlage-na-schutz-tele2-2\/","alt":"","author":"48","description":"","caption":"","name":"mehler-pv-anlage-na-schutz-tele2-2","status":"inherit","uploaded_to":46348,"date":"2020-11-30 15:44:31","modified":"2020-12-01 07:45:46","menu_order":0,"mime_type":"image\/jpeg","type":"image","subtype":"jpeg","icon":"https:\/\/www.tele-online.com\/wp-includes\/images\/media\/default.png","width":2000,"height":1395,"sizes":{"thumbnail":"https:\/\/www.tele-online.com\/wp-content\/uploads\/2020\/11\/Mehler-PV-Anlage-NA-Schutz-TELE2-220x220.jpg","thumbnail-width":220,"thumbnail-height":220,"medium":"https:\/\/www.tele-online.com\/wp-content\/uploads\/2020\/11\/Mehler-PV-Anlage-NA-Schutz-TELE2-544x360.jpg","medium-width":544,"medium-height":360,"medium_large":"https:\/\/www.tele-online.com\/wp-content\/uploads\/2020\/11\/Mehler-PV-Anlage-NA-Schutz-TELE2-768x536.jpg","medium_large-width":768,"medium_large-height":536,"large":"https:\/\/www.tele-online.com\/wp-content\/uploads\/2020\/11\/Mehler-PV-Anlage-NA-Schutz-TELE2-780x520.jpg","large-width":780,"large-height":520,"1536x1536":"https:\/\/www.tele-online.com\/wp-content\/uploads\/2020\/11\/Mehler-PV-Anlage-NA-Schutz-TELE2-1536x1071.jpg","1536x1536-width":1536,"1536x1536-height":1071,"2048x2048":"https:\/\/www.tele-online.com\/wp-content\/uploads\/2020\/11\/Mehler-PV-Anlage-NA-Schutz-TELE2.jpg","2048x2048-width":2000,"2048x2048-height":1395,"hd":"https:\/\/www.tele-online.com\/wp-content\/uploads\/2020\/11\/Mehler-PV-Anlage-NA-Schutz-TELE2-1920x1339.jpg","hd-width":1920,"hd-height":1339,"galerie":"https:\/\/www.tele-online.com\/wp-content\/uploads\/2020\/11\/Mehler-PV-Anlage-NA-Schutz-TELE2-320x223.jpg","galerie-width":320,"galerie-height":223,"stellen":"https:\/\/www.tele-online.com\/wp-content\/uploads\/2020\/11\/Mehler-PV-Anlage-NA-Schutz-TELE2-400x400.jpg","stellen-width":400,"stellen-height":400}},"news_teaser":"Das ober\u00f6sterreichische Unternehmen Mehler installiert eine neue PV-Anlage auf dem Firmendach und setzt zum Netz- und Anlagenschutz zwei NA003-M64 von TELE ein.","news_standardlayout_hinzufugen":"ja","news_mitarbeiter":555,"news_mitarbeiter_headline":"","news_mitarbeiter_text":"","webblocks":[{"acf_fc_layout":"textblock","acf_fc_id":"acf-block-69a23e370c473","acf_fc_style":"","flexible":false,"text":"<h2>Projekt Nachhaltigkeit<\/h2>\n<p>Die Mehler Elektrotechnik Ges.m.b.H. mit Hauptsitz in Wolfern bei Steyr, ist seit 60 Jahren Spezialist:in f\u00fcr Planung, Ausstattung und Herstellung von elektrischen Anlagen, wie Stark- und Schwachstromschaltschr\u00e4nken sowie Sonderkonstruktionen. Neben der Fertigung von Z\u00e4hlerverteilern f\u00fcr EVU\u00b4s, Schaltschr\u00e4nken f\u00fcr Industrie und Maschinenbau, Baustromverteilern, IT-Daten\u00fcbertragungsschr\u00e4nken und Sondergeh\u00e4usen stellt das Unternehmen seinen Kund:innen auch intelligente Aufladem\u00f6glichkeiten f\u00fcr Elektrofahrzeuge zur Verf\u00fcgung. Nachhaltigkeit spielt im Unternehmen in allen Bereichen eine gro\u00dfe Rolle, etwa bei der Auswahl von \u00fcberwiegend lokalen Lieferant:innen mit kurzen Transportwegen. Damit k\u00fcnftig auch die Produkte noch ressourcenschonender produziert werden k\u00f6nnen, hat Mehler nun ein internes elektrotechnisches Gro\u00dfprojekt initiiert: Das Firmengeb\u00e4ude sollte mit einer PV-Anlage f\u00fcr nachhaltige Energieerzeugung ausgestattet werden.<\/p>\n","id":"","linie_oben_einblenden":false,"linie_unten_einblenden":false,"container":"normal","hintergrund":"weis","box":false,"abstand_oben":"30px","abstand_unten":"10px"},{"acf_fc_layout":"bildtextundlink","acf_fc_id":"acf-block-69a23e370d38e","acf_fc_style":"","flexible":false,"layout":"links","headline":"Die PV-Anlage","link":"","text":"<p>Startschuss f\u00fcr den Bau der PV-Anlage war im September 2020. In einer Bauzeit von zehn Wochen wurden auf einer Gesamtfl\u00e4che von 2.000 Quadratmetern insgesamt 1.126 Solarmodule zu je 355 Watt, mit einer Gesamtleistung von 400 kWp verbaut. \u201eBei Vollauslastung der PV-Anlage werden wir dann k\u00fcnftig einen Gro\u00dfteil des elektrischen Energieeigenbedarfes \u00fcber Sonnenenergie decken\u201c, erkl\u00e4rt Alexander Prellinger, Projektleiter bei Mehler, die beachtliche Leistung. F\u00fcr den sicheren Betrieb der PV-Anlage ist auch ein Netz- und Anlagenschutz vorgeschrieben. Hier setzt Mehler auf zwei NA003-M64-Ger\u00e4te von TELE Haase. \u201eDie Firma Tele-Haase war von Beginn bis zum Ende des Projektes eine zuverl\u00e4ssige Unterst\u00fctzung und es ist praktisch, dass am Ger\u00e4t bereits alle Parameter f\u00fcr lokal geltende Vorschriften fixfertig eingestellt sind, sodass man es nur noch anschlie\u00dfen muss\u201c, zeigt sich Prellinger zufrieden. Ein Netz- und Anlagenschutz ist beim Betrieb alternativer Stromerzeugung gesetzlich vorgeschrieben und trennt im Fehlerfall die Stromerzeugungsanlage (PV, Generator, Batteriepuffer) vom Netz. Dadurch wird sichergestellt, dass das Verteilungsnetz nicht beeintr\u00e4chtigt wird.<\/p>\n","show_map":false,"bild":{"ID":46351,"id":46351,"title":"MEHLER-PV-Anlage_400kWp-TELE-NA-Schutz-Web","filename":"MEHLER-PV-Anlage_400kWp-TELE-NA-Schutz-Web.jpeg","filesize":467536,"url":"https:\/\/www.tele-online.com\/wp-content\/uploads\/2020\/11\/MEHLER-PV-Anlage_400kWp-TELE-NA-Schutz-Web.jpeg","link":"https:\/\/www.tele-online.com\/en\/news\/tele-grid-and-system-protection-protexts-pv-sytem-at-mehler\/attachment\/mehler-pv-anlage_400kwp-tele-na-schutz-web-2\/","alt":"MEHLER-PV-Anlage_400kWp-TELE-NA-Schutz-Web","author":"48","description":"MEHLER-PV-Anlage_400kWp-TELE-NA-Schutz-Web","caption":"","name":"mehler-pv-anlage_400kwp-tele-na-schutz-web-2","status":"inherit","uploaded_to":46348,"date":"2020-11-30 15:40:59","modified":"2020-11-30 15:41:10","menu_order":0,"mime_type":"image\/jpeg","type":"image","subtype":"jpeg","icon":"https:\/\/www.tele-online.com\/wp-includes\/images\/media\/default.png","width":1800,"height":1200,"sizes":{"thumbnail":"https:\/\/www.tele-online.com\/wp-content\/uploads\/2020\/11\/MEHLER-PV-Anlage_400kWp-TELE-NA-Schutz-Web-220x220.jpeg","thumbnail-width":220,"thumbnail-height":220,"medium":"https:\/\/www.tele-online.com\/wp-content\/uploads\/2020\/11\/MEHLER-PV-Anlage_400kWp-TELE-NA-Schutz-Web-544x360.jpeg","medium-width":544,"medium-height":360,"medium_large":"https:\/\/www.tele-online.com\/wp-content\/uploads\/2020\/11\/MEHLER-PV-Anlage_400kWp-TELE-NA-Schutz-Web-768x512.jpeg","medium_large-width":768,"medium_large-height":512,"large":"https:\/\/www.tele-online.com\/wp-content\/uploads\/2020\/11\/MEHLER-PV-Anlage_400kWp-TELE-NA-Schutz-Web-780x520.jpeg","large-width":780,"large-height":520,"1536x1536":"https:\/\/www.tele-online.com\/wp-content\/uploads\/2020\/11\/MEHLER-PV-Anlage_400kWp-TELE-NA-Schutz-Web-1536x1024.jpeg","1536x1536-width":1536,"1536x1536-height":1024,"2048x2048":"https:\/\/www.tele-online.com\/wp-content\/uploads\/2020\/11\/MEHLER-PV-Anlage_400kWp-TELE-NA-Schutz-Web.jpeg","2048x2048-width":1800,"2048x2048-height":1200,"hd":"https:\/\/www.tele-online.com\/wp-content\/uploads\/2020\/11\/MEHLER-PV-Anlage_400kWp-TELE-NA-Schutz-Web.jpeg","hd-width":1800,"hd-height":1200,"galerie":"https:\/\/www.tele-online.com\/wp-content\/uploads\/2020\/11\/MEHLER-PV-Anlage_400kWp-TELE-NA-Schutz-Web-320x213.jpeg","galerie-width":320,"galerie-height":213,"stellen":"https:\/\/www.tele-online.com\/wp-content\/uploads\/2020\/11\/MEHLER-PV-Anlage_400kWp-TELE-NA-Schutz-Web-400x400.jpeg","stellen-width":400,"stellen-height":400}},"map":false,"name":"","adresse":"","hintergrund":"weis","no_image_margin":false,"abstand_oben":"30px","abstand_unten":"30px"},{"acf_fc_layout":"zitat","acf_fc_id":"acf-block-69a23e370eb5e","acf_fc_style":"","flexible":false,"hintergrund_bild":{"ID":41317,"id":41317,"title":"TELE-photovoltaic","filename":"TELE-photovoltaic.jpg","filesize":362720,"url":"https:\/\/www.tele-online.com\/wp-content\/uploads\/2020\/06\/TELE-photovoltaic.jpg","link":"https:\/\/www.tele-online.com\/en\/tele-timining-and-monitoring-relays-2\/attachment\/tele-photovoltaic\/","alt":"TELE-photovoltaic","author":"48","description":"TELE-photovoltaic","caption":"","name":"tele-photovoltaic","status":"inherit","uploaded_to":37930,"date":"2020-06-29 07:38:26","modified":"2020-06-29 07:39:46","menu_order":0,"mime_type":"image\/jpeg","type":"image","subtype":"jpeg","icon":"https:\/\/www.tele-online.com\/wp-includes\/images\/media\/default.png","width":1920,"height":1262,"sizes":{"thumbnail":"https:\/\/www.tele-online.com\/wp-content\/uploads\/2020\/06\/TELE-photovoltaic-220x220.jpg","thumbnail-width":220,"thumbnail-height":220,"medium":"https:\/\/www.tele-online.com\/wp-content\/uploads\/2020\/06\/TELE-photovoltaic-544x360.jpg","medium-width":544,"medium-height":360,"medium_large":"https:\/\/www.tele-online.com\/wp-content\/uploads\/2020\/06\/TELE-photovoltaic-768x505.jpg","medium_large-width":768,"medium_large-height":505,"large":"https:\/\/www.tele-online.com\/wp-content\/uploads\/2020\/06\/TELE-photovoltaic-780x520.jpg","large-width":780,"large-height":520,"1536x1536":"https:\/\/www.tele-online.com\/wp-content\/uploads\/2020\/06\/TELE-photovoltaic-1536x1010.jpg","1536x1536-width":1536,"1536x1536-height":1010,"2048x2048":"https:\/\/www.tele-online.com\/wp-content\/uploads\/2020\/06\/TELE-photovoltaic.jpg","2048x2048-width":1920,"2048x2048-height":1262,"hd":"https:\/\/www.tele-online.com\/wp-content\/uploads\/2020\/06\/TELE-photovoltaic.jpg","hd-width":1920,"hd-height":1262,"galerie":"https:\/\/www.tele-online.com\/wp-content\/uploads\/2020\/06\/TELE-photovoltaic-320x210.jpg","galerie-width":320,"galerie-height":210,"stellen":"https:\/\/www.tele-online.com\/wp-content\/uploads\/2020\/06\/TELE-photovoltaic-400x400.jpg","stellen-width":400,"stellen-height":400}},"bild":{"ID":46366,"id":46366,"title":"Mehler-Logo-quadratisch","filename":"Mehler-Logo-quadratisch.png","filesize":19564,"url":"https:\/\/www.tele-online.com\/wp-content\/uploads\/2020\/11\/Mehler-Logo-quadratisch.png","link":"https:\/\/www.tele-online.com\/en\/news\/tele-grid-and-system-protection-protexts-pv-sytem-at-mehler\/attachment\/mehler-logo-quadratisch-2\/","alt":"","author":"48","description":"","caption":"","name":"mehler-logo-quadratisch-2","status":"inherit","uploaded_to":46348,"date":"2020-11-30 15:56:50","modified":"2020-11-30 15:56:50","menu_order":0,"mime_type":"image\/png","type":"image","subtype":"png","icon":"https:\/\/www.tele-online.com\/wp-includes\/images\/media\/default.png","width":1053,"height":1053,"sizes":{"thumbnail":"https:\/\/www.tele-online.com\/wp-content\/uploads\/2020\/11\/Mehler-Logo-quadratisch-220x220.png","thumbnail-width":220,"thumbnail-height":220,"medium":"https:\/\/www.tele-online.com\/wp-content\/uploads\/2020\/11\/Mehler-Logo-quadratisch-544x360.png","medium-width":544,"medium-height":360,"medium_large":"https:\/\/www.tele-online.com\/wp-content\/uploads\/2020\/11\/Mehler-Logo-quadratisch-768x768.png","medium_large-width":768,"medium_large-height":768,"large":"https:\/\/www.tele-online.com\/wp-content\/uploads\/2020\/11\/Mehler-Logo-quadratisch-780x520.png","large-width":780,"large-height":520,"1536x1536":"https:\/\/www.tele-online.com\/wp-content\/uploads\/2020\/11\/Mehler-Logo-quadratisch.png","1536x1536-width":1053,"1536x1536-height":1053,"2048x2048":"https:\/\/www.tele-online.com\/wp-content\/uploads\/2020\/11\/Mehler-Logo-quadratisch.png","2048x2048-width":1053,"2048x2048-height":1053,"hd":"https:\/\/www.tele-online.com\/wp-content\/uploads\/2020\/11\/Mehler-Logo-quadratisch.png","hd-width":1053,"hd-height":1053,"galerie":"https:\/\/www.tele-online.com\/wp-content\/uploads\/2020\/11\/Mehler-Logo-quadratisch-320x320.png","galerie-width":320,"galerie-height":320,"stellen":"https:\/\/www.tele-online.com\/wp-content\/uploads\/2020\/11\/Mehler-Logo-quadratisch-400x400.png","stellen-width":400,"stellen-height":400}},"text":"<p>\u201eDie Firma TELE Haase war von Beginn bis zum Ende des Projektes eine zuverl\u00e4ssige Unterst\u00fctzung und es ist praktisch, dass am Ger\u00e4t bereits alle Parameter f\u00fcr lokal geltende Vorschriften fixfertig eingestellt sind, sodass man es nur noch anschlie\u00dfen muss.&#8220;<\/p>\n","name":"Alexander Prellinger","position":"","abstand_oben":"30px","abstand_unten":"30px"},{"acf_fc_layout":"bildtextundlink","acf_fc_id":"acf-block-69a23e370ff58","acf_fc_style":"","flexible":false,"layout":"rechts","headline":"Starke Kooperation","link":"","text":"<p>Die Zusammenarbeit in diesem Projekt hat gut funktioniert und die Kooperation zwischen Mehler und TELE gest\u00e4rkt. \u201eMit den neu gewonnen Erfahrungen k\u00f6nnen wir als Firma Mehler Elektrotechnik Ges.m.b.H. in Kooperation mit TELE Haase nun eine wirtschaftliche und praktikable L\u00f6sung f\u00fcr AC-Sammelschr\u00e4nke, inklusive Netzentkupplung, laut der Vorschrift \u201eTOR-Erzeuger\u201c, im gesamten \u00f6sterreichischen Raum anbieten\u201c, umrei\u00dft Prellinger die Zusammenarbeit. Wir hier bei TELE gratulieren zum gelungenen Projekt freuen uns schon auf die weitere Zusammenarbeit.<\/p>\n","show_map":false,"bild":{"ID":46354,"id":46354,"title":"Mehler-PV-Anlage-NA-Schutz-TELE1","filename":"Mehler-PV-Anlage-NA-Schutz-TELE1.jpg","filesize":238743,"url":"https:\/\/www.tele-online.com\/wp-content\/uploads\/2020\/11\/Mehler-PV-Anlage-NA-Schutz-TELE1.jpg","link":"https:\/\/www.tele-online.com\/en\/news\/tele-grid-and-system-protection-protexts-pv-sytem-at-mehler\/attachment\/mehler-pv-anlage-na-schutz-tele1-2\/","alt":"","author":"48","description":"","caption":"","name":"mehler-pv-anlage-na-schutz-tele1-2","status":"inherit","uploaded_to":46348,"date":"2020-11-30 15:44:29","modified":"2020-12-01 07:45:46","menu_order":0,"mime_type":"image\/jpeg","type":"image","subtype":"jpeg","icon":"https:\/\/www.tele-online.com\/wp-includes\/images\/media\/default.png","width":2000,"height":1409,"sizes":{"thumbnail":"https:\/\/www.tele-online.com\/wp-content\/uploads\/2020\/11\/Mehler-PV-Anlage-NA-Schutz-TELE1-220x220.jpg","thumbnail-width":220,"thumbnail-height":220,"medium":"https:\/\/www.tele-online.com\/wp-content\/uploads\/2020\/11\/Mehler-PV-Anlage-NA-Schutz-TELE1-544x360.jpg","medium-width":544,"medium-height":360,"medium_large":"https:\/\/www.tele-online.com\/wp-content\/uploads\/2020\/11\/Mehler-PV-Anlage-NA-Schutz-TELE1-768x541.jpg","medium_large-width":768,"medium_large-height":541,"large":"https:\/\/www.tele-online.com\/wp-content\/uploads\/2020\/11\/Mehler-PV-Anlage-NA-Schutz-TELE1-780x520.jpg","large-width":780,"large-height":520,"1536x1536":"https:\/\/www.tele-online.com\/wp-content\/uploads\/2020\/11\/Mehler-PV-Anlage-NA-Schutz-TELE1-1536x1082.jpg","1536x1536-width":1536,"1536x1536-height":1082,"2048x2048":"https:\/\/www.tele-online.com\/wp-content\/uploads\/2020\/11\/Mehler-PV-Anlage-NA-Schutz-TELE1.jpg","2048x2048-width":2000,"2048x2048-height":1409,"hd":"https:\/\/www.tele-online.com\/wp-content\/uploads\/2020\/11\/Mehler-PV-Anlage-NA-Schutz-TELE1-1920x1353.jpg","hd-width":1920,"hd-height":1353,"galerie":"https:\/\/www.tele-online.com\/wp-content\/uploads\/2020\/11\/Mehler-PV-Anlage-NA-Schutz-TELE1-320x225.jpg","galerie-width":320,"galerie-height":225,"stellen":"https:\/\/www.tele-online.com\/wp-content\/uploads\/2020\/11\/Mehler-PV-Anlage-NA-Schutz-TELE1-400x400.jpg","stellen-width":400,"stellen-height":400}},"map":false,"name":"","adresse":"","hintergrund":"grau","no_image_margin":false,"abstand_oben":"30px","abstand_unten":"30px"}],"seo":[{"googleAuthor":"","googlePublisher":"","schemaName":"","schemaDescription":"","schemaImage":false}],"news_max_hohe":"70vh","type":"automatisch","evt_bild":false,"evt_date":"","evt_time":"","evt_date_end":"","evt_time_end":"","evt_location":"","evt_teaser_text":"","evt_participants":"","evt_url":"","evt_background_img":false,"evt_description":"","footer_link_block":false,"footer":{"footer_headline_powerd_by":"Powered By TELE","footer_text_powered_by":"","footer_logos":null,"footer_mylayout_logos":"normal","footer_text_oben":"<p><strong>TELE Haase Steuerger\u00e4te Ges.m.b.H.<\/strong> | Vorarlberger Allee 38 (direct access via Slamastra\u00dfe 37), 1230 Vienna | Austria<\/p>\n<p><strong>Opening Hours<\/strong>: Monday-Thursday 08:00 a.m. to 04:00 p.m. &amp; Friday 08:00 a.m. to 01:00 p.m.<\/p>\n<p><strong><a href=\"https:\/\/www.tele-online.com\/en\/contact\/\">Contact Details<\/a><\/strong><\/p>\n","footer_headline_social_media":"","footer_social_media":[{"icon":"<i class=\"icon-facebook\"><\/i>","link":"https:\/\/www.facebook.com\/TELE-Haase-Steuerger%C3%A4te-GesmbH-212293998940265\/?rf=195551397135836"},{"icon":"<i class=\"icon-linkedin\"><\/i>","link":"https:\/\/www.linkedin.com\/company\/tele-worldwide\/"},{"icon":"<i class=\"icon-youtube\"><\/i>","link":"https:\/\/www.youtube.com\/user\/telehaase\/featured"},{"icon":"<i class=\"icon-instagram\"><\/i>","link":"https:\/\/www.instagram.com\/tele_haase\/"}]},"nav_data":{"link":"","text":""},"wpmlurl":{"de":"\/","en":"\/en\/","us":"\/us\/","fr":"\/fr\/","es":"\/es\/"}},"yoast_head":"<!-- This site is optimized with the Yoast SEO plugin v24.5 - https:\/\/yoast.com\/wordpress\/plugins\/seo\/ -->\n<title>TELE NA-Schutz sichert neue PV-Anlage bei Mehler - Tele Haase<\/title>\n<meta name=\"description\" content=\"Mehler O\u00d6 installiert eine neue PV-Anlage auf dem Firmendach und setzt zum Netz- und Anlagenschutz zwei NA003-M64 von TELE ein.\" \/>\n<meta name=\"robots\" content=\"index, follow, max-snippet:-1, max-image-preview:large, max-video-preview:-1\" \/>\n<link rel=\"canonical\" href=\"https:\/\/www.tele-online.com\/en\/news\/tele-netz-und-anlagenschutz-sichert-neue-pv-anlage-bei-mehler\/\" \/>\n<meta property=\"og:locale\" content=\"en_GB\" \/>\n<meta property=\"og:type\" content=\"article\" \/>\n<meta property=\"og:title\" content=\"TELE NA-Schutz sichert neue PV-Anlage bei Mehler - Tele Haase\" \/>\n<meta property=\"og:description\" content=\"Mehler O\u00d6 installiert eine neue PV-Anlage auf dem Firmendach und setzt zum Netz- und Anlagenschutz zwei NA003-M64 von TELE ein.\" \/>\n<meta property=\"og:url\" content=\"https:\/\/www.tele-online.com\/en\/news\/tele-netz-und-anlagenschutz-sichert-neue-pv-anlage-bei-mehler\/\" \/>\n<meta property=\"og:site_name\" content=\"Tele Haase\" \/>\n<meta property=\"article:published_time\" content=\"2020-11-30T15:46:21+00:00\" \/>\n<meta property=\"article:modified_time\" content=\"2024-04-17T14:33:01+00:00\" \/>\n<meta property=\"og:image\" content=\"https:\/\/www.tele-online.com\/wp-content\/uploads\/2020\/11\/MEHLER-PV-Anlage_400kWp-TELE-NA-Schutz-Web.jpeg\" \/>\n\t<meta property=\"og:image:width\" content=\"1800\" \/>\n\t<meta property=\"og:image:height\" content=\"1200\" \/>\n\t<meta property=\"og:image:type\" content=\"image\/jpeg\" \/>\n<meta name=\"author\" content=\"barbara.reininger\" \/>\n<meta name=\"twitter:card\" content=\"summary_large_image\" \/>\n<meta name=\"twitter:label1\" content=\"Written by\" \/>\n\t<meta name=\"twitter:data1\" content=\"barbara.reininger\" \/>\n<script type=\"application\/ld+json\" class=\"yoast-schema-graph\">{\"@context\":\"https:\/\/schema.org\",\"@graph\":[{\"@type\":\"WebPage\",\"@id\":\"https:\/\/www.tele-online.com\/en\/news\/tele-netz-und-anlagenschutz-sichert-neue-pv-anlage-bei-mehler\/\",\"url\":\"https:\/\/www.tele-online.com\/en\/news\/tele-netz-und-anlagenschutz-sichert-neue-pv-anlage-bei-mehler\/\",\"name\":\"TELE NA-Schutz sichert neue PV-Anlage bei Mehler - Tele Haase\",\"isPartOf\":{\"@id\":\"https:\/\/www.tele-online.com\/en\/#website\"},\"primaryImageOfPage\":{\"@id\":\"https:\/\/www.tele-online.com\/en\/news\/tele-netz-und-anlagenschutz-sichert-neue-pv-anlage-bei-mehler\/#primaryimage\"},\"image\":{\"@id\":\"https:\/\/www.tele-online.com\/en\/news\/tele-netz-und-anlagenschutz-sichert-neue-pv-anlage-bei-mehler\/#primaryimage\"},\"thumbnailUrl\":\"https:\/\/www.tele-online.com\/wp-content\/uploads\/2020\/11\/MEHLER-PV-Anlage_400kWp-TELE-NA-Schutz-Web.jpeg\",\"datePublished\":\"2020-11-30T15:46:21+00:00\",\"dateModified\":\"2024-04-17T14:33:01+00:00\",\"author\":{\"@id\":\"https:\/\/www.tele-online.com\/en\/#\/schema\/person\/b4ae272cd5e5bc1e2052e26149de1ac0\"},\"description\":\"Mehler O\u00d6 installiert eine neue PV-Anlage auf dem Firmendach und setzt zum Netz- und Anlagenschutz zwei NA003-M64 von TELE ein.\",\"breadcrumb\":{\"@id\":\"https:\/\/www.tele-online.com\/en\/news\/tele-netz-und-anlagenschutz-sichert-neue-pv-anlage-bei-mehler\/#breadcrumb\"},\"inLanguage\":\"en-GB\",\"potentialAction\":[{\"@type\":\"ReadAction\",\"target\":[\"https:\/\/www.tele-online.com\/en\/news\/tele-netz-und-anlagenschutz-sichert-neue-pv-anlage-bei-mehler\/\"]}]},{\"@type\":\"ImageObject\",\"inLanguage\":\"en-GB\",\"@id\":\"https:\/\/www.tele-online.com\/en\/news\/tele-netz-und-anlagenschutz-sichert-neue-pv-anlage-bei-mehler\/#primaryimage\",\"url\":\"https:\/\/www.tele-online.com\/wp-content\/uploads\/2020\/11\/MEHLER-PV-Anlage_400kWp-TELE-NA-Schutz-Web.jpeg\",\"contentUrl\":\"https:\/\/www.tele-online.com\/wp-content\/uploads\/2020\/11\/MEHLER-PV-Anlage_400kWp-TELE-NA-Schutz-Web.jpeg\",\"width\":1800,\"height\":1200,\"caption\":\"MEHLER-PV-Anlage_400kWp-TELE-NA-Schutz-Web\"},{\"@type\":\"BreadcrumbList\",\"@id\":\"https:\/\/www.tele-online.com\/en\/news\/tele-netz-und-anlagenschutz-sichert-neue-pv-anlage-bei-mehler\/#breadcrumb\",\"itemListElement\":[{\"@type\":\"ListItem\",\"position\":1,\"name\":\"Startseite\",\"item\":\"https:\/\/www.tele-online.com\/en\/\"},{\"@type\":\"ListItem\",\"position\":2,\"name\":\"TELE NA-Schutz sichert neue PV-Anlage bei Mehler\"}]},{\"@type\":\"WebSite\",\"@id\":\"https:\/\/www.tele-online.com\/en\/#website\",\"url\":\"https:\/\/www.tele-online.com\/en\/\",\"name\":\"Tele Haase\",\"description\":\"Your Smart Factory\",\"potentialAction\":[{\"@type\":\"SearchAction\",\"target\":{\"@type\":\"EntryPoint\",\"urlTemplate\":\"https:\/\/www.tele-online.com\/en\/?s={search_term_string}\"},\"query-input\":{\"@type\":\"PropertyValueSpecification\",\"valueRequired\":true,\"valueName\":\"search_term_string\"}}],\"inLanguage\":\"en-GB\"},{\"@type\":\"Person\",\"@id\":\"https:\/\/www.tele-online.com\/en\/#\/schema\/person\/b4ae272cd5e5bc1e2052e26149de1ac0\",\"name\":\"barbara.reininger\",\"image\":{\"@type\":\"ImageObject\",\"inLanguage\":\"en-GB\",\"@id\":\"https:\/\/www.tele-online.com\/en\/#\/schema\/person\/image\/\",\"url\":\"https:\/\/secure.gravatar.com\/avatar\/00f0cf5ff01431d666b84bb7bc267428?s=96&d=mm&r=g\",\"contentUrl\":\"https:\/\/secure.gravatar.com\/avatar\/00f0cf5ff01431d666b84bb7bc267428?s=96&d=mm&r=g\",\"caption\":\"barbara.reininger\"},\"url\":\"https:\/\/www.tele-online.com\/en\/author\/barbara-reininger\/\"}]}<\/script>\n<!-- \/ Yoast SEO plugin. -->","yoast_head_json":{"title":"TELE NA-Schutz sichert neue PV-Anlage bei Mehler - Tele Haase","description":"Mehler O\u00d6 installiert eine neue PV-Anlage auf dem Firmendach und setzt zum Netz- und Anlagenschutz zwei NA003-M64 von TELE ein.","robots":{"index":"index","follow":"follow","max-snippet":"max-snippet:-1","max-image-preview":"max-image-preview:large","max-video-preview":"max-video-preview:-1"},"canonical":"https:\/\/www.tele-online.com\/en\/news\/tele-netz-und-anlagenschutz-sichert-neue-pv-anlage-bei-mehler\/","og_locale":"en_GB","og_type":"article","og_title":"TELE NA-Schutz sichert neue PV-Anlage bei Mehler - Tele Haase","og_description":"Mehler O\u00d6 installiert eine neue PV-Anlage auf dem Firmendach und setzt zum Netz- und Anlagenschutz zwei NA003-M64 von TELE ein.","og_url":"https:\/\/www.tele-online.com\/en\/news\/tele-netz-und-anlagenschutz-sichert-neue-pv-anlage-bei-mehler\/","og_site_name":"Tele Haase","article_published_time":"2020-11-30T15:46:21+00:00","article_modified_time":"2024-04-17T14:33:01+00:00","og_image":[{"width":1800,"height":1200,"url":"https:\/\/www.tele-online.com\/wp-content\/uploads\/2020\/11\/MEHLER-PV-Anlage_400kWp-TELE-NA-Schutz-Web.jpeg","type":"image\/jpeg"}],"author":"barbara.reininger","twitter_card":"summary_large_image","twitter_misc":{"Written by":"barbara.reininger"},"schema":{"@context":"https:\/\/schema.org","@graph":[{"@type":"WebPage","@id":"https:\/\/www.tele-online.com\/en\/news\/tele-netz-und-anlagenschutz-sichert-neue-pv-anlage-bei-mehler\/","url":"https:\/\/www.tele-online.com\/en\/news\/tele-netz-und-anlagenschutz-sichert-neue-pv-anlage-bei-mehler\/","name":"TELE NA-Schutz sichert neue PV-Anlage bei Mehler - Tele Haase","isPartOf":{"@id":"https:\/\/www.tele-online.com\/en\/#website"},"primaryImageOfPage":{"@id":"https:\/\/www.tele-online.com\/en\/news\/tele-netz-und-anlagenschutz-sichert-neue-pv-anlage-bei-mehler\/#primaryimage"},"image":{"@id":"https:\/\/www.tele-online.com\/en\/news\/tele-netz-und-anlagenschutz-sichert-neue-pv-anlage-bei-mehler\/#primaryimage"},"thumbnailUrl":"https:\/\/www.tele-online.com\/wp-content\/uploads\/2020\/11\/MEHLER-PV-Anlage_400kWp-TELE-NA-Schutz-Web.jpeg","datePublished":"2020-11-30T15:46:21+00:00","dateModified":"2024-04-17T14:33:01+00:00","author":{"@id":"https:\/\/www.tele-online.com\/en\/#\/schema\/person\/b4ae272cd5e5bc1e2052e26149de1ac0"},"description":"Mehler O\u00d6 installiert eine neue PV-Anlage auf dem Firmendach und setzt zum Netz- und Anlagenschutz zwei NA003-M64 von TELE ein.","breadcrumb":{"@id":"https:\/\/www.tele-online.com\/en\/news\/tele-netz-und-anlagenschutz-sichert-neue-pv-anlage-bei-mehler\/#breadcrumb"},"inLanguage":"en-GB","potentialAction":[{"@type":"ReadAction","target":["https:\/\/www.tele-online.com\/en\/news\/tele-netz-und-anlagenschutz-sichert-neue-pv-anlage-bei-mehler\/"]}]},{"@type":"ImageObject","inLanguage":"en-GB","@id":"https:\/\/www.tele-online.com\/en\/news\/tele-netz-und-anlagenschutz-sichert-neue-pv-anlage-bei-mehler\/#primaryimage","url":"https:\/\/www.tele-online.com\/wp-content\/uploads\/2020\/11\/MEHLER-PV-Anlage_400kWp-TELE-NA-Schutz-Web.jpeg","contentUrl":"https:\/\/www.tele-online.com\/wp-content\/uploads\/2020\/11\/MEHLER-PV-Anlage_400kWp-TELE-NA-Schutz-Web.jpeg","width":1800,"height":1200,"caption":"MEHLER-PV-Anlage_400kWp-TELE-NA-Schutz-Web"},{"@type":"BreadcrumbList","@id":"https:\/\/www.tele-online.com\/en\/news\/tele-netz-und-anlagenschutz-sichert-neue-pv-anlage-bei-mehler\/#breadcrumb","itemListElement":[{"@type":"ListItem","position":1,"name":"Startseite","item":"https:\/\/www.tele-online.com\/en\/"},{"@type":"ListItem","position":2,"name":"TELE NA-Schutz sichert neue PV-Anlage bei Mehler"}]},{"@type":"WebSite","@id":"https:\/\/www.tele-online.com\/en\/#website","url":"https:\/\/www.tele-online.com\/en\/","name":"Tele Haase","description":"Your Smart Factory","potentialAction":[{"@type":"SearchAction","target":{"@type":"EntryPoint","urlTemplate":"https:\/\/www.tele-online.com\/en\/?s={search_term_string}"},"query-input":{"@type":"PropertyValueSpecification","valueRequired":true,"valueName":"search_term_string"}}],"inLanguage":"en-GB"},{"@type":"Person","@id":"https:\/\/www.tele-online.com\/en\/#\/schema\/person\/b4ae272cd5e5bc1e2052e26149de1ac0","name":"barbara.reininger","image":{"@type":"ImageObject","inLanguage":"en-GB","@id":"https:\/\/www.tele-online.com\/en\/#\/schema\/person\/image\/","url":"https:\/\/secure.gravatar.com\/avatar\/00f0cf5ff01431d666b84bb7bc267428?s=96&d=mm&r=g","contentUrl":"https:\/\/secure.gravatar.com\/avatar\/00f0cf5ff01431d666b84bb7bc267428?s=96&d=mm&r=g","caption":"barbara.reininger"},"url":"https:\/\/www.tele-online.com\/en\/author\/barbara-reininger\/"}]}},"yoast_data":{"yoast_wpseo_canonical":"https:\/\/www.tele-online.com\/en\/news\/tele-netz-und-anlagenschutz-sichert-neue-pv-anlage-bei-mehler\/","yoast_wpseo_opengraph_image":"https:\/\/www.tele-online.com\/wp-content\/uploads\/2020\/11\/MEHLER-PV-Anlage_400kWp-TELE-NA-Schutz-Web.jpeg","yoast_wpseo_metadesc":"Mehler O\u00d6 installiert eine neue PV-Anlage auf dem Firmendach und setzt zum Netz- und Anlagenschutz zwei NA003-M64 von TELE ein.","yoast_wpseo_meta_robots_noindex":"","yoast_wpseo_meta_robots_nofollow":""},"footer_links":null,"yoasttitle":"TELE NA-Schutz sichert neue PV-Anlage bei Mehler - Tele Haase","yoast_title":"TELE NA-Schutz sichert neue PV-Anlage bei Mehler - Tele Haase","yoast_meta":[{"name":"description","content":"Mehler O\u00d6 installiert eine neue PV-Anlage auf dem Firmendach und setzt zum Netz- und Anlagenschutz zwei NA003-M64 von TELE ein."},{"name":"robots","content":"index, follow, max-snippet:-1, max-image-preview:large, max-video-preview:-1"},{"property":"og:locale","content":"de_DE"},{"property":"og:type","content":"article"},{"property":"og:title","content":"TELE NA-Schutz sichert neue PV-Anlage bei Mehler - Tele Haase"},{"property":"og:description","content":"Mehler O\u00d6 installiert eine neue PV-Anlage auf dem Firmendach und setzt zum Netz- und Anlagenschutz zwei NA003-M64 von TELE ein."},{"property":"og:url","content":"https:\/\/www.tele-online.com\/news\/tele-netz-und-anlagenschutz-sichert-neue-pv-anlage-bei-mehler\/"},{"property":"og:site_name","content":"Tele Haase"},{"property":"article:published_time","content":"2020-11-30T15:46:21+00:00"},{"property":"article:modified_time","content":"2024-04-17T14:33:01+00:00"},{"property":"og:image","content":"https:\/\/www.tele-online.com\/wp-content\/uploads\/2020\/11\/MEHLER-PV-Anlage_400kWp-TELE-NA-Schutz-Web.jpeg"},{"property":"og:image:width","content":"1800"},{"property":"og:image:height","content":"1200"},{"property":"og:image:type","content":"image\/jpeg"},{"name":"author","content":"barbara.reininger"},{"name":"twitter:card","content":"summary_large_image"},{"name":"twitter:label1","content":"Verfasst von"},{"name":"twitter:data1","content":"barbara.reininger"},{"name":"robots","content":"index, follow, max-image-preview:large, max-snippet:-1, max-video-preview:-1"}],"yoast_json_ld":[{"@context":"https:\/\/schema.org","@graph":[{"@type":"WebPage","@id":"https:\/\/www.tele-online.com\/news\/tele-netz-und-anlagenschutz-sichert-neue-pv-anlage-bei-mehler\/","url":"https:\/\/www.tele-online.com\/news\/tele-netz-und-anlagenschutz-sichert-neue-pv-anlage-bei-mehler\/","name":"TELE NA-Schutz sichert neue PV-Anlage bei Mehler - Tele Haase","isPartOf":{"@id":"https:\/\/www.tele-online.com\/#website"},"primaryImageOfPage":{"@id":"https:\/\/www.tele-online.com\/news\/tele-netz-und-anlagenschutz-sichert-neue-pv-anlage-bei-mehler\/#primaryimage"},"image":{"@id":"https:\/\/www.tele-online.com\/news\/tele-netz-und-anlagenschutz-sichert-neue-pv-anlage-bei-mehler\/#primaryimage"},"thumbnailUrl":"https:\/\/www.tele-online.com\/wp-content\/uploads\/2020\/11\/MEHLER-PV-Anlage_400kWp-TELE-NA-Schutz-Web.jpeg","datePublished":"2020-11-30T15:46:21+00:00","dateModified":"2024-04-17T14:33:01+00:00","author":{"@id":"https:\/\/www.tele-online.com\/#\/schema\/person\/b4ae272cd5e5bc1e2052e26149de1ac0"},"description":"Mehler O&Ouml; installiert eine neue PV-Anlage auf dem Firmendach und setzt zum Netz- und Anlagenschutz zwei NA003-M64 von TELE ein.","breadcrumb":{"@id":"https:\/\/www.tele-online.com\/news\/tele-netz-und-anlagenschutz-sichert-neue-pv-anlage-bei-mehler\/#breadcrumb"},"inLanguage":"de","potentialAction":[{"@type":"ReadAction","target":["https:\/\/www.tele-online.com\/news\/tele-netz-und-anlagenschutz-sichert-neue-pv-anlage-bei-mehler\/"]}]},{"@type":"ImageObject","inLanguage":"de","@id":"https:\/\/www.tele-online.com\/news\/tele-netz-und-anlagenschutz-sichert-neue-pv-anlage-bei-mehler\/#primaryimage","url":"https:\/\/www.tele-online.com\/wp-content\/uploads\/2020\/11\/MEHLER-PV-Anlage_400kWp-TELE-NA-Schutz-Web.jpeg","contentUrl":"https:\/\/www.tele-online.com\/wp-content\/uploads\/2020\/11\/MEHLER-PV-Anlage_400kWp-TELE-NA-Schutz-Web.jpeg","width":1800,"height":1200,"caption":"MEHLER-PV-Anlage_400kWp-TELE-NA-Schutz-Web"},{"@type":"BreadcrumbList","@id":"https:\/\/www.tele-online.com\/news\/tele-netz-und-anlagenschutz-sichert-neue-pv-anlage-bei-mehler\/#breadcrumb","itemListElement":[{"@type":"ListItem","position":1,"name":"Startseite","item":"https:\/\/www.tele-online.com\/"},{"@type":"ListItem","position":2,"name":"TELE NA-Schutz sichert neue PV-Anlage bei Mehler"}]},{"@type":"WebSite","@id":"https:\/\/www.tele-online.com\/#website","url":"https:\/\/www.tele-online.com\/","name":"Tele Haase","description":"Your Smart Factory","potentialAction":[{"@type":"SearchAction","target":{"@type":"EntryPoint","urlTemplate":"https:\/\/www.tele-online.com\/?s={search_term_string}"},"query-input":{"@type":"PropertyValueSpecification","valueRequired":true,"valueName":"search_term_string"}}],"inLanguage":"de"},{"@type":"Person","@id":"https:\/\/www.tele-online.com\/#\/schema\/person\/b4ae272cd5e5bc1e2052e26149de1ac0","name":"barbara.reininger","image":{"@type":"ImageObject","inLanguage":"de","@id":"https:\/\/www.tele-online.com\/#\/schema\/person\/image\/","url":"https:\/\/secure.gravatar.com\/avatar\/00f0cf5ff01431d666b84bb7bc267428?s=96&d=mm&r=g","contentUrl":"https:\/\/secure.gravatar.com\/avatar\/00f0cf5ff01431d666b84bb7bc267428?s=96&d=mm&r=g","caption":"barbara.reininger"},"url":"https:\/\/www.tele-online.com\/author\/barbara-reininger\/"}]}],"_links":{"self":[{"href":"https:\/\/www.tele-online.com\/en\/wp-json\/wp\/v2\/posts\/46347"}],"collection":[{"href":"https:\/\/www.tele-online.com\/en\/wp-json\/wp\/v2\/posts"}],"about":[{"href":"https:\/\/www.tele-online.com\/en\/wp-json\/wp\/v2\/types\/post"}],"author":[{"embeddable":true,"href":"https:\/\/www.tele-online.com\/en\/wp-json\/wp\/v2\/users\/48"}],"replies":[{"embeddable":true,"href":"https:\/\/www.tele-online.com\/en\/wp-json\/wp\/v2\/comments?post=46347"}],"version-history":[{"count":13,"href":"https:\/\/www.tele-online.com\/en\/wp-json\/wp\/v2\/posts\/46347\/revisions"}],"predecessor-version":[{"id":757241,"href":"https:\/\/www.tele-online.com\/en\/wp-json\/wp\/v2\/posts\/46347\/revisions\/757241"}],"wp:featuredmedia":[{"embeddable":true,"href":"https:\/\/www.tele-online.com\/en\/wp-json\/wp\/v2\/media\/46350"}],"wp:attachment":[{"href":"https:\/\/www.tele-online.com\/en\/wp-json\/wp\/v2\/media?parent=46347"}],"wp:term":[{"taxonomy":"category","embeddable":true,"href":"https:\/\/www.tele-online.com\/en\/wp-json\/wp\/v2\/categories?post=46347"},{"taxonomy":"post_tag","embeddable":true,"href":"https:\/\/www.tele-online.com\/en\/wp-json\/wp\/v2\/tags?post=46347"}],"curies":[{"name":"wp","href":"https:\/\/api.w.org\/{rel}","templated":true}]}}